{"id":1189,"date":"2021-06-07T09:56:12","date_gmt":"2021-06-07T07:56:12","guid":{"rendered":"http:\/\/theatreinprogress.ch\/?p=1189"},"modified":"2021-09-04T14:37:48","modified_gmt":"2021-09-04T12:37:48","slug":"endormis","status":"publish","type":"post","link":"https:\/\/theatreinprogress.ch\/?p=1189","title":{"rendered":"Endormis"},"content":{"rendered":"<p style=\"text-align: center;\"><b><span data-contrast=\"auto\">Endormis<\/span><\/b><\/p>\n<p style=\"text-align: center;\"><b><span data-contrast=\"auto\">Auteur : Izabella PLUTA\u00a9<\/span><\/b><span data-ccp-props=\"{&quot;201341983&quot;:0,&quot;335551550&quot;:2,&quot;335551620&quot;:2,&quot;335559685&quot;:22,&quot;335559731&quot;:702,&quot;335559737&quot;:14,&quot;335559739&quot;:522,&quot;335559740&quot;:265,&quot;335559991&quot;:10}\">&nbsp;<\/span><\/p>\n<blockquote><p><span style=\"color: #008080;\"><strong><em>CRITIQUES. Regard sur la technologie dans le spectacle vivant. Carnet en ligne de Theatre in Progress avec Comit\u00e9 de lecture (pour cet article<\/em> <\/strong><b>\u202f: <em>Claude Beyeler<\/em>, <\/b><em><b>Simon Hagemann, Jeremy Perruchoud<\/b><\/em><b><em>, R\u00e9becca Pierrot)<\/em>&nbsp; <\/b><\/span><span data-ccp-props=\"{&quot;201341983&quot;:0,&quot;335551550&quot;:1,&quot;335551620&quot;:1,&quot;335559685&quot;:9,&quot;335559731&quot;:702,&quot;335559737&quot;:1,&quot;335559739&quot;:114,&quot;335559740&quot;:259,&quot;335559991&quot;:10}\"><br \/>\n<\/span><\/p><\/blockquote>\n<p><span style=\"color: #999999;\"><em><span class=\"TextRun SCXW143444464 BCX2\" xml:lang=\"FR-CH\" data-contrast=\"auto\" lang=\"FR-CH\"><span class=\"NormalTextRun SCXW143444464 BCX2\">Spectacle <\/span><\/span><\/em><span class=\"TextRun SCXW143444464 BCX2\" xml:lang=\"FR-CH\" data-contrast=\"auto\" lang=\"FR-CH\"><span class=\"SpellingError SCXW143444464 BCX2\">War<\/span><span class=\"NormalTextRun SCXW143444464 BCX2\"> Sweet <\/span><span class=\"SpellingError SCXW143444464 BCX2\">War<\/span><\/span><em><span class=\"TextRun SCXW143444464 BCX2\" xml:lang=\"FR-CH\" data-contrast=\"auto\" lang=\"FR-CH\"><span class=\"NormalTextRun SCXW143444464 BCX2\">, mise en sc\u00e8ne : Jean Lambert-<\/span><span class=\"SpellingError SCXW143444464 BCX2\">wild<\/span><span class=\"NormalTextRun SCXW143444464 BCX2\">, en collaboration avec Jean-Luc<\/span><\/span> Therminarias, St\u00e9phane Blanquet et Juha Marsalo, premi\u00e8re : f\u00e9vrier 2012 \u00e0 la Com\u00e9die de Caen \u2013 Centre Dramatique National de Normandie. Cette critique est une traduction libre du texte sous le m\u00eame titre (U\u015bpieni) \u00e9crit en polonais et publi\u00e9 dans la revue \u00ab Teatr \u00bb (janvier, 2013, pp. 74-75). Il s\u2019agit d\u2019un spectacle dont le propos nous s\u00e9duit toujours par son actualit\u00e9.&nbsp;&nbsp;<\/em><\/span><\/p>\n<p><i><span data-contrast=\"auto\">War Sweet War<\/span><\/i><span data-contrast=\"auto\"> est un spectacle sign\u00e9 en 2012 par Jean Lambert-wild, Jean-Luc Therminarias, St\u00e9phane Blanquet et Juha Marsalo, <\/span><span data-contrast=\"auto\">dont la<\/span><span data-contrast=\"auto\"> premi\u00e8re <\/span><span data-contrast=\"auto\">a eu lieu <\/span><span data-contrast=\"auto\">\u00e0 la Com\u00e9die de Caen.<\/span> <span data-contrast=\"auto\">Les protagonistes, deux couples jumeaux, vivent une trag\u00e9die digne de Shakespeare. Les artistes se fondent sur un fait divers <\/span><span data-contrast=\"auto\">dans<\/span><span data-contrast=\"auto\"> lequel de jeunes parents assassinent leurs propres enfants et se suicident ensuite. Les cr\u00e9ateurs ne cherchent pas les causes de cette trag\u00e9die qui s\u2019est r\u00e9ellement produite ni ne la reconstrui<\/span><span data-contrast=\"auto\">sent<\/span><span data-contrast=\"auto\"> sur sc\u00e8ne. Ils sont \u00e9galement loin de chercher \u00e0 \u00e9pater le spectateur <\/span><span data-contrast=\"auto\">avec<\/span> <span data-contrast=\"auto\">les <\/span><span data-contrast=\"auto\">d\u00e9tails de ce crime. Ils proposent plut\u00f4t une histoire muette<\/span><span data-contrast=\"auto\">,<\/span><span data-contrast=\"auto\"> construite autour de cet \u00e9v\u00e9nement<\/span><span data-contrast=\"auto\">,<\/span><span data-contrast=\"auto\"> dans laquelle la cruaut\u00e9 et la souffrance sont exprim\u00e9es \u00e0 travers l\u2019expression corporelle<\/span><span data-contrast=\"auto\"> forte et puissante<\/span><span data-contrast=\"auto\">. <img loading=\"lazy\" class=\"alignright size-full wp-image-1217\" src=\"https:\/\/theatreinprogress.ch\/wp-content\/uploads\/2021\/05\/war_20120223tjv_01-Copie-scaled.jpg\" alt=\"\" width=\"2560\" height=\"1106\" srcset=\"https:\/\/theatreinprogress.ch\/wp-content\/uploads\/2021\/05\/war_20120223tjv_01-Copie-scaled.jpg 2560w, https:\/\/theatreinprogress.ch\/wp-content\/uploads\/2021\/05\/war_20120223tjv_01-Copie-300x130.jpg 300w, https:\/\/theatreinprogress.ch\/wp-content\/uploads\/2021\/05\/war_20120223tjv_01-Copie-1024x442.jpg 1024w, https:\/\/theatreinprogress.ch\/wp-content\/uploads\/2021\/05\/war_20120223tjv_01-Copie-768x332.jpg 768w, https:\/\/theatreinprogress.ch\/wp-content\/uploads\/2021\/05\/war_20120223tjv_01-Copie-1536x664.jpg 1536w, https:\/\/theatreinprogress.ch\/wp-content\/uploads\/2021\/05\/war_20120223tjv_01-Copie-2048x885.jpg 2048w, https:\/\/theatreinprogress.ch\/wp-content\/uploads\/2021\/05\/war_20120223tjv_01-Copie-1260x544.jpg 1260w\" sizes=\"(max-width: 2560px) 100vw, 2560px\" \/><\/span><\/p>\n<h6><strong><span style=\"color: #808080;\">\u00ab\u00a0War Sweet War\u00a0\u00bb, mise en sc\u00e8ne: Jean Lambert-wild, Jean-Luc Therminarias, St\u00e9phane Blanquet et Juha Marsalo, Com\u00e9die de Caen, Th\u00e9\u00e2tre d&rsquo;H\u00e9rouville, 2012. Phot. Tristan Jeanne-Val\u00e8s\u00a9<\/span> <\/strong><\/h6>\n<p><i><span data-contrast=\"auto\">War Sweet War<\/span><\/i> <span data-contrast=\"auto\">s\u2019inscrit dans <\/span><span data-contrast=\"auto\">la<\/span><span data-contrast=\"auto\"> continuation de la fascination p<\/span><span data-contrast=\"auto\">our<\/span><span data-contrast=\"auto\"> le corps que Jean Lamber-wild <\/span><span data-contrast=\"auto\">avait d\u00e9j\u00e0 <\/span><span data-contrast=\"auto\">d\u00e9plo<\/span><span data-contrast=\"auto\">y\u00e9<\/span><span data-contrast=\"auto\"> dans <\/span><span data-contrast=\"auto\">son<\/span><span data-contrast=\"auto\"> spectacle <\/span><i><span data-contrast=\"auto\">Recours aux for\u00eats<\/span><\/i> <span data-contrast=\"auto\">cr\u00e9\u00e9 en<\/span><span data-contrast=\"auto\"> 2009.&nbsp; Rappelons que ce metteur en sc\u00e8ne fran\u00e7ais<\/span><span data-contrast=\"auto\">,<\/span><span data-contrast=\"auto\"> n\u00e9 <\/span><span data-contrast=\"auto\">sur<\/span><span data-contrast=\"auto\"> l\u2019\u00eele de la R\u00e9union<\/span><span data-contrast=\"auto\">,<\/span> <span data-contrast=\"auto\">a grandi<\/span><span data-contrast=\"auto\"> dans les ann\u00e9es 1970<\/span><span data-contrast=\"auto\"> et qu\u2019il <\/span><span data-contrast=\"auto\">est un artiste <\/span><span data-contrast=\"auto\">aux multiples facettes\u202f<\/span><span data-contrast=\"auto\">attir\u00e9<\/span><span data-contrast=\"auto\"> par des aspects vari\u00e9s de la sc\u00e8ne.<\/span><span data-contrast=\"auto\"> I<\/span><span data-contrast=\"auto\">l <\/span><span data-contrast=\"auto\">s\u2019int\u00e9resse autant aux <\/span><span data-contrast=\"auto\">aspects<\/span><span data-contrast=\"auto\"> plus classiques de cet art<\/span><span data-contrast=\"auto\">,<\/span><span data-contrast=\"auto\"> comme le <\/span><span data-contrast=\"auto\">d\u00e9montre<\/span> <i><span data-contrast=\"auto\">En attendant Godot<\/span><\/i><span data-contrast=\"auto\"> de Beckett (2014)<\/span><span data-contrast=\"auto\">,<\/span><span data-contrast=\"auto\"> qu<\/span><span data-contrast=\"auto\">\u2019aux perspectives<\/span><span data-contrast=\"auto\"> novatrices comme<\/span><span data-contrast=\"auto\">, par exemple, les<\/span><span data-contrast=\"auto\"> capteurs physiologiques dans <\/span><i><span data-contrast=\"auto\">Orgia <\/span><\/i><span data-contrast=\"auto\">(2001)<\/span> <span data-contrast=\"auto\">ou les images 3D dans la fable<\/span><i><span data-contrast=\"auto\"> Mon Amoureux noueux pommier<\/span><\/i><span data-contrast=\"auto\"> (2012). Il est auteur dramatique, mais \u00e9galement metteur en sc\u00e8ne, parfois de ses propres textes<\/span><span data-contrast=\"auto\">,<\/span><span data-contrast=\"auto\"> tels que <\/span><i><span data-contrast=\"auto\">Crise de nerfs \u2013 Parlez-moi d\u2019amour<\/span><\/i><span data-contrast=\"auto\"> (2004)<\/span><span data-contrast=\"auto\">. De plus, il<\/span><span data-contrast=\"auto\"> signe les sc\u00e9nographies de quasiment tous ses spectacles <\/span><span data-contrast=\"auto\">et r\u00e9guli\u00e8rement celles <\/span><span data-contrast=\"auto\">des cr\u00e9ations d<\/span><span data-contrast=\"auto\">\u2019<\/span><span data-contrast=\"auto\">autres<\/span><span data-contrast=\"auto\"> artistes<\/span><span data-contrast=\"auto\"> (<\/span><i><span data-contrast=\"auto\">Babel, After the war<\/span><\/i><span data-contrast=\"auto\"> de Lorenzo Malaguerra). Il nous surprend par ses performances d\u2019acteur comme dans <\/span><i><span data-contrast=\"auto\">Dom juan ou le Festin de Pierre <\/span><\/i><span data-contrast=\"auto\">(2019)<\/span> <span data-contrast=\"auto\">dans le r\u00f4le principal de Dom Juan, en cr\u00e9ant son personnage caract\u00e9ristique<\/span><span data-contrast=\"auto\">,<\/span> <span data-contrast=\"auto\">un clown nomm\u00e9 Gramblanc<\/span><span data-contrast=\"auto\">, <\/span><span data-contrast=\"auto\">qu\u2019il incarne lui-m\u00eame<\/span><span data-contrast=\"auto\">. <\/span><span data-contrast=\"auto\">Il propose \u00e9galement des formes artistiques exp\u00e9rimentales<\/span><span data-contrast=\"auto\">,<\/span><span data-contrast=\"auto\"> citons seulement la <\/span><i><span data-contrast=\"auto\">calenture<\/span><\/i><span data-contrast=\"auto\">, forme courte d\u2019une quarantaine de minutes dont le personnage principal est ce m\u00eame clown blanc.<\/span><b><span data-contrast=\"auto\">&nbsp;&nbsp;<\/span><\/b><span data-ccp-props=\"{&quot;201341983&quot;:0,&quot;335551550&quot;:6,&quot;335551620&quot;:6,&quot;335559685&quot;:-1,&quot;335559731&quot;:702,&quot;335559737&quot;:-4,&quot;335559739&quot;:0,&quot;335559740&quot;:357}\">&nbsp;<\/span><!--more--><\/p>\n<p><i><span data-contrast=\"auto\">War Sweet War<\/span><\/i><span data-contrast=\"auto\"> est une histoire dont la dur\u00e9e ne d\u00e9passe pas une heure. Lambert-wild s\u2019interroge ici sur la violence, la guerre, le chaos, la destruction, la souffrance et la mort qui se jouent dans un foyer <\/span><span data-contrast=\"auto\">familial.&nbsp; Cette violence \u00e0 multiples facettes<\/span><span data-contrast=\"auto\">, <\/span><span data-contrast=\"auto\">dont parlent les nouvelles du soir, les programmes documentaires ou encore la presse quotidienne, est pour lui l\u2019effet du \u00ab virus de la guerre \u00bb. Il est omnipr\u00e9sent, selon le metteur en sc\u00e8ne, et <\/span><span data-contrast=\"auto\">se cache<\/span><span data-contrast=\"auto\"> tout pr\u00e8s de nous<\/span><span data-contrast=\"auto\">, voir<\/span><span data-contrast=\"auto\"> en nous<\/span><span data-contrast=\"auto\">&#8211;<\/span><span data-contrast=\"auto\">m\u00eames. Il nous paralyse et provoque notre peur, <\/span><span data-contrast=\"auto\">faisant<\/span><span data-contrast=\"auto\"> \u00e9merger des r\u00e9actions humaines extr\u00eames et impr\u00e9visibles. \u00ab Demain la guerre se construira une nouvelle demeure au milieu de nos meubles. Elle habitera chez nous sans trop de bruit ni trop de sang \u00bb, constate Jean Lambert-wild.&nbsp;<\/span><span data-ccp-props=\"{&quot;201341983&quot;:0,&quot;335551550&quot;:6,&quot;335551620&quot;:6,&quot;335559685&quot;:-1,&quot;335559731&quot;:702,&quot;335559737&quot;:-4,&quot;335559739&quot;:0,&quot;335559740&quot;:357}\">&nbsp;<\/span><img loading=\"lazy\" class=\"alignright size-full wp-image-1218\" src=\"https:\/\/theatreinprogress.ch\/wp-content\/uploads\/2021\/05\/war_20120223tjv_09-Copie-scaled.jpg\" alt=\"\" width=\"2560\" height=\"1703\" srcset=\"https:\/\/theatreinprogress.ch\/wp-content\/uploads\/2021\/05\/war_20120223tjv_09-Copie-scaled.jpg 2560w, https:\/\/theatreinprogress.ch\/wp-content\/uploads\/2021\/05\/war_20120223tjv_09-Copie-300x200.jpg 300w, https:\/\/theatreinprogress.ch\/wp-content\/uploads\/2021\/05\/war_20120223tjv_09-Copie-1024x681.jpg 1024w, https:\/\/theatreinprogress.ch\/wp-content\/uploads\/2021\/05\/war_20120223tjv_09-Copie-768x511.jpg 768w, https:\/\/theatreinprogress.ch\/wp-content\/uploads\/2021\/05\/war_20120223tjv_09-Copie-1536x1022.jpg 1536w, https:\/\/theatreinprogress.ch\/wp-content\/uploads\/2021\/05\/war_20120223tjv_09-Copie-2048x1363.jpg 2048w, https:\/\/theatreinprogress.ch\/wp-content\/uploads\/2021\/05\/war_20120223tjv_09-Copie-1260x838.jpg 1260w\" sizes=\"(max-width: 2560px) 100vw, 2560px\" \/><\/p>\n<h6><span style=\"color: #808080;\"><strong>\u00ab\u00a0War Sweet War\u00a0\u00bb, mise en sc\u00e8ne: Jean Lambert-wild, Jean-Luc Therminarias, St\u00e9phane Blanquet et Juha Marsalo, Com\u00e9die de Caen, Th\u00e9\u00e2tre d&rsquo;H\u00e9rouville, 2012. Phot. Tristan Jeanne-Val\u00e8s\u00a9 <\/strong><br \/>\n<\/span><\/h6>\n<p><span data-contrast=\"auto\">Les h\u00e9ros v\u00e9ritables de cette histoire sont quatre personnages : deux couples jumeaux incarn\u00e9s par les danseurs Pierre et Charles Pietri et les danseuses Olga et Lena Budaeva qui en r\u00e9alit\u00e9 sont de v\u00e9ritables jumeaux et jumelles. L\u2019espace et le temps sc\u00e9niques sont compos\u00e9s de sorte qu\u2019ils donnent l\u2019impression d\u2019\u00eatre i<\/span><span data-contrast=\"auto\">mbri<\/span><span data-contrast=\"auto\">qu<\/span><span data-contrast=\"auto\">\u00e9s, par moments simultan\u00e9s<\/span><span data-contrast=\"auto\">,<\/span><span data-contrast=\"auto\"> mais surtout obsessionnellement r\u00e9currents. L\u2019identique et la r\u00e9p\u00e9titivit\u00e9 sont deux<\/span><span data-contrast=\"auto\"> des<\/span><span data-contrast=\"auto\"> motifs principaux du spectacle. Nous les observons non seulement \u00e0 travers le physique des danseurs mais \u00e9galement dans la sc\u00e9nographie qui est pr\u00e9sent\u00e9e au spectateur d\u00e8s son entr\u00e9e dans la salle. L\u2019aire de jeu est constitu\u00e9e de deux \u00e9tages qui, \u00e0 l\u2019instar d\u2019une maison de poup\u00e9e, d\u00e9voilent <\/span><span data-contrast=\"auto\">deux appartements identiques<\/span><span data-contrast=\"auto\">. <\/span><span data-contrast=\"auto\">L\u2019identique n\u2019est pas reconnu imm\u00e9diatement puisque, au d\u00e9but, les appartements donnent l\u2019impression<\/span><span data-contrast=\"auto\"> de<\/span> <span data-contrast=\"auto\">seulement<\/span><span data-contrast=\"auto\"> se ressembler<\/span> <span data-contrast=\"auto\">: on voit une cuisine blanche et moderne ainsi qu\u2019un grand salon avec une tapisserie ray\u00e9e. Tout est simple et fonctionnel, on dirait l\u2019appartement d\u2019un jeune couple bien install\u00e9. Le sc\u00e9nographe, St\u00e9phane Blanquet, qui a con\u00e7u cet espace<\/span><span data-contrast=\"auto\">,<\/span><span data-contrast=\"auto\"> a traduit l\u2019id\u00e9e de l\u2019identique d\u2019abord dans un d\u00e9placement temporel : les chambres du premier \u00e9tage, propres et entretenues, contrastent avec l\u2019appartement du rez-de-chauss\u00e9e qui est d\u00e9moli et d\u00e9gouline de goudron noir. On peut supposer que nous regardons sur sc\u00e8ne les m\u00eames domiciles mais <\/span><span data-contrast=\"auto\">\u00e0<\/span><span data-contrast=\"auto\"> des p\u00e9riodes temporelles diff\u00e9rentes. Ce bond dans le temps introduit d\u00e9j\u00e0 la trag\u00e9die.&nbsp;<\/span><span data-ccp-props=\"{&quot;201341983&quot;:0,&quot;335551550&quot;:6,&quot;335551620&quot;:6,&quot;335559685&quot;:-1,&quot;335559731&quot;:702,&quot;335559737&quot;:-4,&quot;335559739&quot;:0,&quot;335559740&quot;:357}\">&nbsp;<\/span><\/p>\n<p><span data-contrast=\"auto\">Le spectacle commence par une sc\u00e8ne o\u00f9 nous voyons un homme assis sur une chaise, son corps est agit\u00e9 et convulsif. Barbouill\u00e9 de couleur noire, il regarde le public avec des yeux \u00e0 peine visibles. Il a l\u2019air abattu. Il est assis dans l&rsquo;appartement du rez-de-chauss\u00e9e, celui qui est d\u00e9moli, o\u00f9 le liquide noir coule sur les murs.&nbsp;<\/span><span data-ccp-props=\"{&quot;201341983&quot;:0,&quot;335551550&quot;:6,&quot;335551620&quot;:6,&quot;335559685&quot;:9,&quot;335559731&quot;:702,&quot;335559737&quot;:-4,&quot;335559739&quot;:0,&quot;335559740&quot;:357,&quot;335559991&quot;:10}\"> <img loading=\"lazy\" class=\"alignright size-full wp-image-1216\" src=\"https:\/\/theatreinprogress.ch\/wp-content\/uploads\/2021\/05\/war_20110622tjv_021-Copie-scaled.jpg\" alt=\"\" width=\"2560\" height=\"1703\" srcset=\"https:\/\/theatreinprogress.ch\/wp-content\/uploads\/2021\/05\/war_20110622tjv_021-Copie-scaled.jpg 2560w, https:\/\/theatreinprogress.ch\/wp-content\/uploads\/2021\/05\/war_20110622tjv_021-Copie-300x200.jpg 300w, https:\/\/theatreinprogress.ch\/wp-content\/uploads\/2021\/05\/war_20110622tjv_021-Copie-1024x681.jpg 1024w, https:\/\/theatreinprogress.ch\/wp-content\/uploads\/2021\/05\/war_20110622tjv_021-Copie-768x511.jpg 768w, https:\/\/theatreinprogress.ch\/wp-content\/uploads\/2021\/05\/war_20110622tjv_021-Copie-1536x1022.jpg 1536w, https:\/\/theatreinprogress.ch\/wp-content\/uploads\/2021\/05\/war_20110622tjv_021-Copie-2048x1363.jpg 2048w, https:\/\/theatreinprogress.ch\/wp-content\/uploads\/2021\/05\/war_20110622tjv_021-Copie-1260x838.jpg 1260w\" sizes=\"(max-width: 2560px) 100vw, 2560px\" \/><br \/>\n<\/span><\/p>\n<h6><strong><span style=\"color: #808080;\">\u00ab\u00a0War Sweet War\u00a0\u00bb, r\u00e9p\u00e9titions, mise en sc\u00e8ne: Jean Lambert-wild, Jean-Luc Therminarias, St\u00e9phane Blanquet et Juha Marsalo, Com\u00e9die de Caen, Th\u00e9\u00e2tre d&rsquo;H\u00e9rouville, 2012. Phot. Tristan Jeanne-Val\u00e8s\u00a9<\/span> <\/strong><\/h6>\n<p><span data-contrast=\"auto\">P<\/span><span data-contrast=\"auto\">uis<\/span><span data-contrast=\"auto\">, <\/span><span data-contrast=\"auto\">l\u2019action se d\u00e9place au premier \u00e9tage. Soudainement, nous nous trouvons dans un appartement propre et plein de vie dont le salon est d\u00e9cor\u00e9 par une inscription embl\u00e9matique: <\/span><i><span data-contrast=\"auto\">Home Sweet Home<\/span><\/i><span data-contrast=\"auto\">. Une porte \u00e0 moiti\u00e9 ouverte nous permet d\u2019entendre le rire des enfants<\/span><span data-contrast=\"auto\">, mais<\/span> <span data-contrast=\"auto\">o<\/span><span data-contrast=\"auto\">n ne voit que deux parents qui les font rire en prenant des poses comiques, avec des masques amusants sur le<\/span> <span data-contrast=\"auto\">visage. C\u2019est cet espace fragmentaire, \u00e0 moiti\u00e9 visible derri\u00e8re la porte <\/span><span data-contrast=\"auto\">entre<\/span><span data-contrast=\"auto\">-ouverte, qui appara\u00eet comme l\u2019espace de la vie dans cette vision du drame. L\u2019histoire continue : la femme-m\u00e8re entre dans la cuisine et pr\u00e9pare un g\u00e2teau d\u2019anniversaire. Nous observons avec effroi qu\u2019elle remplit une seringue et l\u2019introduit dans cette tarte pleine de couleurs. Son geste clair et compr\u00e9hensible contraste avec son \u00e9nergie qui est visiblement perturb\u00e9e, marqu\u00e9e par une nervosit\u00e9 quasi convulsive. On ressent ici une h\u00e9sitation. <\/span><span data-contrast=\"auto\">Un dilemme profond, insoluble<\/span><span data-contrast=\"auto\">,<\/span><span data-contrast=\"auto\"> s\u2019instaure entre un amour maternel et ce quelque chose d\u2019innommable dont la force pousse la femme au crime. Le g\u00e2teau d\u2019anniversaire est enfin servi. Il n\u2019est pas n\u00e9cessaire d\u2019en dire plus. Les rires des enfants s\u2019\u00e9teignent et la sc\u00e8ne est envahie par un silence. Un silence lourd qui p\u00e8se, le vide, la disparition, l\u2019absence. L\u2019homme-p\u00e8re enl\u00e8ve l\u2019inscription <\/span><i><span data-contrast=\"auto\">Homme Sweet Home<\/span><\/i><span data-contrast=\"auto\">\u2026&nbsp;<\/span><span data-ccp-props=\"{&quot;201341983&quot;:0,&quot;335551550&quot;:6,&quot;335551620&quot;:6,&quot;335559685&quot;:-1,&quot;335559731&quot;:702,&quot;335559737&quot;:-4,&quot;335559739&quot;:0,&quot;335559740&quot;:357}\">&nbsp;<\/span><\/p>\n<p><span data-contrast=\"auto\">A partir de ce moment-l\u00e0, le couple s\u2018enfonce dans <\/span><span data-contrast=\"auto\">la<\/span><span data-contrast=\"auto\"> folie. Il essaie de nettoyer les traces du meurtre de la chambre. L\u2019homme et la femme se fixent sur cette action en accumulant dans la cuisine un nombre impressionnant de seaux. Des seaux blancs qu\u2019ils remplissent de goudron noir. Encore et encore\u2026 Comme <\/span><span data-contrast=\"auto\">le faisait <\/span><span data-contrast=\"auto\">jadis une Lady Macbeth qui lavait obsessionnellement ses mains marqu\u00e9es symboliquement par le sang pour toujours. Les gestes fr\u00e9n\u00e9tiques du p\u00e8re et de la m\u00e8re commencent ainsi \u00e0 <\/span><i><span data-contrast=\"auto\">parler<\/span><\/i><span data-contrast=\"auto\">, \u00e0 <\/span><i><span data-contrast=\"auto\">crier<\/span><\/i><span data-contrast=\"auto\">. Ils composent des configurations chor\u00e9graphiques <\/span><span data-contrast=\"auto\">comme<\/span> <span data-contrast=\"auto\">dans <\/span><span data-contrast=\"auto\">le th\u00e9\u00e2tre d<\/span><span data-contrast=\"auto\">e<\/span><span data-contrast=\"auto\"> corps et d<\/span><span data-contrast=\"auto\">e<\/span><span data-contrast=\"auto\"> geste.&nbsp;&nbsp;<\/span><span data-ccp-props=\"{&quot;201341983&quot;:0,&quot;335551550&quot;:6,&quot;335551620&quot;:6,&quot;335559685&quot;:9,&quot;335559731&quot;:702,&quot;335559737&quot;:-4,&quot;335559739&quot;:0,&quot;335559740&quot;:357,&quot;335559991&quot;:10}\"> <img loading=\"lazy\" class=\"alignright size-full wp-image-1221\" src=\"https:\/\/theatreinprogress.ch\/wp-content\/uploads\/2021\/05\/war_20120225tjv_40-Copie-scaled.jpg\" alt=\"\" width=\"2560\" height=\"1700\" srcset=\"https:\/\/theatreinprogress.ch\/wp-content\/uploads\/2021\/05\/war_20120225tjv_40-Copie-scaled.jpg 2560w, https:\/\/theatreinprogress.ch\/wp-content\/uploads\/2021\/05\/war_20120225tjv_40-Copie-300x199.jpg 300w, https:\/\/theatreinprogress.ch\/wp-content\/uploads\/2021\/05\/war_20120225tjv_40-Copie-1024x680.jpg 1024w, https:\/\/theatreinprogress.ch\/wp-content\/uploads\/2021\/05\/war_20120225tjv_40-Copie-768x510.jpg 768w, https:\/\/theatreinprogress.ch\/wp-content\/uploads\/2021\/05\/war_20120225tjv_40-Copie-1536x1020.jpg 1536w, https:\/\/theatreinprogress.ch\/wp-content\/uploads\/2021\/05\/war_20120225tjv_40-Copie-2048x1360.jpg 2048w\" sizes=\"(max-width: 2560px) 100vw, 2560px\" \/><br \/>\n<\/span><\/p>\n<h6><span style=\"color: #808080;\"><strong>\u00ab\u00a0War Sweet War\u00a0\u00bb, mise en sc\u00e8ne: Jean Lambert-wild, Jean-Luc Therminarias, St\u00e9phane Blanquet et Juha Marsalo, Com\u00e9die de Caen, Th\u00e9\u00e2tre d&rsquo;H\u00e9rouville, 2012. Phot. Tristan Jeanne-Val\u00e8s\u00a9 <\/strong><\/span><\/h6>\n<p><span data-contrast=\"auto\">Il convient de pr\u00e9ciser que le mouvement des danseurs dans ce spectacle est originalement<\/span> <span data-contrast=\"auto\">accompagn\u00e9 par l&rsquo;univers sonore cr\u00e9e par Jean-Luc Therminarias<\/span><span data-contrast=\"auto\">,<\/span><span data-contrast=\"auto\"> fid\u00e8le collaborateur, de longue date, de Jean Lambert-wild.<\/span><span data-contrast=\"auto\"> Il y int\u00e8gre un dispositif sonore qui cr\u00e9e une audio-sph\u00e8re multivocale, compos\u00e9e de rythmes pulsateurs, de murmures et de voix. Soulignons qu\u2019il n\u2019y a pas de personnages d\u2019enfants dans le spectacle. Leur pr\u00e9sence est marqu\u00e9e par des enregistrements<\/span><i><span data-contrast=\"auto\"> off <\/span><\/i><span data-contrast=\"auto\">puisque<\/span><span data-contrast=\"auto\"> nous entendons leurs rires. Nous pouvons constater que le son <\/span><span data-contrast=\"auto\">a<\/span><span data-contrast=\"auto\"> souvent une fonction narrative. Par exemple dans la sc\u00e8ne initiale la <\/span><i><span data-contrast=\"auto\">voix off<\/span><\/i><span data-contrast=\"auto\"> f\u00e9minine annonce la catastrophe. Sur une intonation calme, ressemblant \u00e0 la voix \u00e9lectronique des syst\u00e8mes de navigation, elle prononce : \u00ab la guerre est l\u00e0 \u00bb, \u00ab la guerre sera votre r\u00e9alit\u00e9 \u00bb.&nbsp;<\/span><span data-ccp-props=\"{&quot;201341983&quot;:0,&quot;335551550&quot;:6,&quot;335551620&quot;:6,&quot;335559685&quot;:10,&quot;335559731&quot;:701,&quot;335559737&quot;:1,&quot;335559739&quot;:0,&quot;335559740&quot;:360}\">&nbsp;<\/span><\/p>\n<p><span data-contrast=\"auto\">Ensuite, le second couple entre sur sc\u00e8ne. Le dialogue corporel se cr\u00e9e alors entre les mari\u00e9s mais \u00e9galement entre les femmes et les hommes. Le fait d\u2019introduire des couples jumeaux dans l\u2019histoire touche la probl\u00e9matique identitaire et surtout la diffraction de l\u2019identit\u00e9 des personnages ainsi que leur d\u00e9sint\u00e9gration psychologique. Chacun a son propre double qui semble \u00e9merger de la sph\u00e8re de l\u2019Ombre dans le sens psychanalytique. Nous pouvons les associer \u00e9galement \u00e0 la figure du zombie, \u00e0 un mort-vivant qui erre encore sur la terre des hommes (image ch\u00e8re au metteur en sc\u00e8ne). A l\u2019instar du purgatoire dantesque, les personnages <\/span><span data-contrast=\"auto\">traversent<\/span><span data-contrast=\"auto\"> ainsi l\u2019entre-deux-mondes, celui entre la vie et la mort, qui ne rend possible ni le d\u00e9part ni la renaissance.&nbsp;&nbsp;<\/span><span data-ccp-props=\"{&quot;201341983&quot;:0,&quot;335551550&quot;:6,&quot;335551620&quot;:6,&quot;335559685&quot;:-1,&quot;335559731&quot;:702,&quot;335559737&quot;:-4,&quot;335559739&quot;:0,&quot;335559740&quot;:357}\">&nbsp;<\/span><\/p>\n<p><span data-contrast=\"auto\">Finalement, le couple du premier \u00e9tage mange des morceaux du g\u00e2teau empoisonn\u00e9. Ce geste d\u00e9sesp\u00e9r\u00e9, marqu\u00e9 par <\/span><span data-contrast=\"auto\">l\u2019<\/span><span data-contrast=\"auto\">h\u00e9sitation et<\/span> <span data-contrast=\"auto\">la<\/span><span data-contrast=\"auto\"> lutte int\u00e9rieure, <\/span><span data-contrast=\"auto\">se <\/span><span data-contrast=\"auto\">joint ici<\/span><span data-contrast=\"auto\"> \u00e0<\/span><span data-contrast=\"auto\"> la convulsion de la mort. M\u00eame si les mari\u00e9s d\u00e9cident de mettre fin \u00e0 leur vie, nous les voyons toujours sur sc\u00e8ne dans <\/span><span data-contrast=\"auto\">d<\/span><span data-contrast=\"auto\">es interactions avec le second couple identique. Nous ne distinguons plus<\/span><span data-contrast=\"auto\">, ni<\/span><span data-contrast=\"auto\"> le temps de l\u2019histoire<\/span><span data-contrast=\"auto\">,<\/span><span data-contrast=\"auto\"> ni <\/span><span data-contrast=\"auto\">aucun<\/span><span data-contrast=\"auto\"> indice spati<\/span><span data-contrast=\"auto\">al<\/span><span data-contrast=\"auto\">, car ils s\u2019entrem\u00ealent, deviennent simultan\u00e9s, importun\u00e9ment r\u00e9p\u00e9titifs. Les protagonistes s\u2019agitent dans une agonie sans fin.&nbsp; Juha Marsalo, chor\u00e9graphe de ce spectacle avoue : \u00ab Je cherche <\/span><span data-contrast=\"auto\">de la danse pure qui se base tr\u00e8s simplement sur le corps, sur le fait d&rsquo;\u00eatre vivant, d&rsquo;\u00eatre de la mati\u00e8re \u00bb. Ici, le mouvement corporel n\u2019est pas une illustration de la parole m\u00eame s\u2019il en est originaire \u00e0 travers la description dans le fait-divers et la verbalisation de Jean Lambert-wild qui parle de sa vision du spectacle durant les r\u00e9p\u00e9titions. N\u00e9anmoins, un geste peut avoir l\u2019\u00e9nergie d\u2019un mot, op\u00e9rer \u00e0 travers une ellipse ou encore condenser le message. Par moment, la chor\u00e9graphie que Marsalo situe dans son propre style de l\u2019<\/span><i><span data-contrast=\"auto\">Open<\/span><\/i> <i><span data-contrast=\"auto\">Dance<\/span><\/i><span data-contrast=\"auto\">, fait penser aux travaux de Pina Bausch ou encore d\u2019Alain Platel, et cela au niveau du travail <\/span><span data-contrast=\"auto\">fait <\/span><span data-contrast=\"auto\">avec l\u2019\u00e9nergie du corps. Soulignons que, chez Marsalo, l\u2019\u00e9nergie est canalis\u00e9e encore diff\u00e9remment, car son point de d\u00e9part et d\u2019arriv\u00e9e se situent plus du c\u00f4t\u00e9 du th\u00e9\u00e2tre que de la danse. On aurait envie de dire que le chor\u00e9graphe travaille surtout le corps sc\u00e9nique en s\u2019approchant du th\u00e9\u00e2tre performatif tel que d\u00e9fini par Josette F\u00e9ral dans son article \u00ab Entre performance et th\u00e9\u00e2tralit\u00e9 : le th\u00e9\u00e2tre performatif \u00bb (<em>Th\u00e9\u00e2tre\/Public<\/em>, 190\/2008).<\/span><span data-contrast=\"auto\"><img loading=\"lazy\" class=\"wp-image-1220 aligncenter\" src=\"https:\/\/theatreinprogress.ch\/wp-content\/uploads\/2021\/05\/war_20120225tjv_07-Copie-scaled.jpg\" alt=\"\" width=\"473\" height=\"712\" srcset=\"https:\/\/theatreinprogress.ch\/wp-content\/uploads\/2021\/05\/war_20120225tjv_07-Copie-scaled.jpg 1700w, https:\/\/theatreinprogress.ch\/wp-content\/uploads\/2021\/05\/war_20120225tjv_07-Copie-199x300.jpg 199w, https:\/\/theatreinprogress.ch\/wp-content\/uploads\/2021\/05\/war_20120225tjv_07-Copie-680x1024.jpg 680w, https:\/\/theatreinprogress.ch\/wp-content\/uploads\/2021\/05\/war_20120225tjv_07-Copie-768x1156.jpg 768w, https:\/\/theatreinprogress.ch\/wp-content\/uploads\/2021\/05\/war_20120225tjv_07-Copie-1020x1536.jpg 1020w, https:\/\/theatreinprogress.ch\/wp-content\/uploads\/2021\/05\/war_20120225tjv_07-Copie-1360x2048.jpg 1360w\" sizes=\"(max-width: 473px) 100vw, 473px\" \/> <\/span><\/p>\n<h6><strong><span style=\"color: #808080;\">\u00ab\u00a0War Sweet War\u00a0\u00bb, mise en sc\u00e8ne: Jean Lambert-wild, Jean-Luc Therminarias, St\u00e9phane Blanquet et Juha Marsalo, Com\u00e9die de Caen, Th\u00e9\u00e2tre d&rsquo;H\u00e9rouville, 2012. Phot. Tristan Jeanne-Val\u00e8s\u00a9<\/span> <\/strong><\/h6>\n<p><span data-contrast=\"auto\">Le spectacle s\u2019\u00e9clipse avec la m\u00eame sc\u00e8ne qui constituait son prologue : un homme couvert de goudron est assis sur une chaise et son corps est agit\u00e9 par des frissons convulsifs. Il se trouve au rez-de-chauss\u00e9e d\u00e9moli, l\u00e0 o\u00f9 nous l\u2019avons vu au d\u00e9but de la pi\u00e8ce. Est-ce le m\u00eame homme ou plut\u00f4t son double, un fant\u00f4me, un zombie ? Nous ne sommes pas s\u00fbrs, nous ne savons pas. Les deux \u00e9tages pr\u00e9sentent maintenant le m\u00eame \u00e9tat de chaos car une fois de plus la violence familiale a \u00e9clat\u00e9 symboliquement dans cette histoire et a an\u00e9anti l\u2019espace domestique de ses habitants.&nbsp;<\/span><span data-ccp-props=\"{&quot;201341983&quot;:0,&quot;335551550&quot;:6,&quot;335551620&quot;:6,&quot;335559685&quot;:-1,&quot;335559731&quot;:702,&quot;335559737&quot;:-4,&quot;335559739&quot;:414,&quot;335559740&quot;:357}\">&nbsp;<\/span><\/p>\n<p><span style=\"color: #999999;\"><i>Traduit du polonais par Izabella Pluta&nbsp;<\/i><\/span><\/p>\n<hr>\n<p><span style=\"color: #008080;\"><strong>Notice biographique<\/strong><\/span><\/p>\n<p><span style=\"color: #008080;\"><strong>Izabella Pluta <\/strong><\/span>\u2013 docteure \u00e8s lettres et chercheuse associ\u00e9e au Centre d\u2019\u00e9tudes th\u00e9\u00e2trales et au Laboratoire de cultures et humanit\u00e9s digitales (Universit\u00e9 de Lausanne).<\/p>\n<hr>\n<p><strong><span style=\"color: #008080;\">Pour citer cet article:<\/span><\/strong><\/p>\n<p>Pluta Izabella, \u00ab Endormis \u00bb, <em>Critiques. Regard sur la technologie dans le spectacle vivant.<\/em> Carnet en ligne de Theatre in Progress, in Web : https:\/\/theatreinprogress.ch\/?p=1189, mis en ligne le 7 juin 2021, Izabella Pluta\u00a9<\/p>\n","protected":false},"excerpt":{"rendered":"<p>Endormis Auteur : Izabella PLUTA\u00a9&nbsp; CRITIQUES. Regard sur la technologie dans le spectacle vivant. Carnet en ligne de Theatre in Progress avec Comit\u00e9 de lecture (pour cet article \u202f: Claude Beyeler, Simon Hagemann, Jeremy Perruchoud, R\u00e9becca Pierrot)&nbsp; Spectacle War Sweet War, mise en sc\u00e8ne : Jean Lambert-wild, en collaboration avec Jean-Luc Therminarias, St\u00e9phane Blanquet et&hellip; <\/p>\n<p class=\"toivo-read-more\"><a href=\"https:\/\/theatreinprogress.ch\/?p=1189\" class=\"more-link\">Lire la suite <span class=\"screen-reader-text\">de<\/span> <span class=\"screen-reader-text\">Endormis<\/span><\/a><\/p>\n","protected":false},"author":1,"featured_media":0,"comment_status":"closed","ping_status":"closed","sticky":false,"template":"","format":"standard","meta":[],"categories":[13],"tags":[143,107,142],"_links":{"self":[{"href":"https:\/\/theatreinprogress.ch\/index.php?rest_route=\/wp\/v2\/posts\/1189"}],"collection":[{"href":"https:\/\/theatreinprogress.ch\/index.php?rest_route=\/wp\/v2\/posts"}],"about":[{"href":"https:\/\/theatreinprogress.ch\/index.php?rest_route=\/wp\/v2\/types\/post"}],"author":[{"embeddable":true,"href":"https:\/\/theatreinprogress.ch\/index.php?rest_route=\/wp\/v2\/users\/1"}],"replies":[{"embeddable":true,"href":"https:\/\/theatreinprogress.ch\/index.php?rest_route=%2Fwp%2Fv2%2Fcomments&post=1189"}],"version-history":[{"count":27,"href":"https:\/\/theatreinprogress.ch\/index.php?rest_route=\/wp\/v2\/posts\/1189\/revisions"}],"predecessor-version":[{"id":1554,"href":"https:\/\/theatreinprogress.ch\/index.php?rest_route=\/wp\/v2\/posts\/1189\/revisions\/1554"}],"wp:attachment":[{"href":"https:\/\/theatreinprogress.ch\/index.php?rest_route=%2Fwp%2Fv2%2Fmedia&parent=1189"}],"wp:term":[{"taxonomy":"category","embeddable":true,"href":"https:\/\/theatreinprogress.ch\/index.php?rest_route=%2Fwp%2Fv2%2Fcategories&post=1189"},{"taxonomy":"post_tag","embeddable":true,"href":"https:\/\/theatreinprogress.ch\/index.php?rest_route=%2Fwp%2Fv2%2Ftags&post=1189"}],"curies":[{"name":"wp","href":"https:\/\/api.w.org\/{rel}","templated":true}]}}