{"id":1333,"date":"2022-01-12T12:49:04","date_gmt":"2022-01-12T10:49:04","guid":{"rendered":"http:\/\/theatreinprogress.ch\/?p=1333"},"modified":"2024-11-11T20:53:29","modified_gmt":"2024-11-11T18:53:29","slug":"scenes-numeriques-digital-stages-anthologie-critique","status":"publish","type":"post","link":"https:\/\/theatreinprogress.ch\/?p=1333","title":{"rendered":"Sc\u00e8nes num\u00e9riques\/Digital Stages &#8211; Anthologie critique"},"content":{"rendered":"\n<p><strong>Nouvel ouvrage ! <\/strong><\/p>\n\n\n\n<p><strong><em><span class=\"has-inline-color has-vivid-green-cyan-color\">Sc\u00e8nes num\u00e9riques\/Digital Stages. Anthologie critique d\u2019\u00e9crits et d\u2019entretiens d\u2019artistes. Critical anthology of artists&rsquo; statements and interviews<\/span><\/em><\/strong><\/p>\n\n\n\n<p>Dirig\u00e9 par <strong><span class=\"has-inline-color has-vivid-green-cyan-color\">Izabella PLUTA<\/span><\/strong>, en collaboration avec <strong><span class=\"has-inline-color has-vivid-green-cyan-color\">Margot Dacheux, Herv\u00e9 Guay, Simon Hagemann et Eug\u00e9nie Pastor<\/span><\/strong><\/p>\n\n\n\n\n\n<p>Presses universitaire de Rennes, Hors S\u00e9rie, 28 avril 2022<\/p>\n\n\n<p><img loading=\"lazy\" class=\"wp-image-1335 alignright\" src=\"https:\/\/theatreinprogress.ch\/wp-content\/uploads\/2022\/01\/Scenes_numeriques_Vignette.jpg\" alt=\"Couverture\" width=\"245\" height=\"379\" srcset=\"https:\/\/theatreinprogress.ch\/wp-content\/uploads\/2022\/01\/Scenes_numeriques_Vignette.jpg 1465w, https:\/\/theatreinprogress.ch\/wp-content\/uploads\/2022\/01\/Scenes_numeriques_Vignette-194x300.jpg 194w, https:\/\/theatreinprogress.ch\/wp-content\/uploads\/2022\/01\/Scenes_numeriques_Vignette-661x1024.jpg 661w, https:\/\/theatreinprogress.ch\/wp-content\/uploads\/2022\/01\/Scenes_numeriques_Vignette-768x1189.jpg 768w, https:\/\/theatreinprogress.ch\/wp-content\/uploads\/2022\/01\/Scenes_numeriques_Vignette-992x1536.jpg 992w, https:\/\/theatreinprogress.ch\/wp-content\/uploads\/2022\/01\/Scenes_numeriques_Vignette-1322x2048.jpg 1322w, https:\/\/theatreinprogress.ch\/wp-content\/uploads\/2022\/01\/Scenes_numeriques_Vignette-1260x1951.jpg 1260w\" sizes=\"(max-width: 245px) 100vw, 245px\" \/><\/p>\n\n\n<p><strong>R\u00e9sum\u00e9 du livre<\/strong><\/p>\n\n\n\n<p>Cette anthologie, pr\u00e9fac\u00e9e par Steve Dixon, professeur au LASALLE College of the Arts, rassemble des \u00e9crits d\u2019artistes ainsi que des entretiens de metteurs en sc\u00e8ne et performeurs travaillant avec la technologie num\u00e9rique. Elle propose 65 contributions group\u00e9es en sept parties consacr\u00e9es au temps, \u00e0 l\u2019espace, \u00e0 la dramaturgie, \u00e0 l\u2019acteur, au spectateur, \u00e0 l\u2019objet et au dispositif ainsi qu\u2019au processus de cr\u00e9ation. Les textes ont \u00e9t\u00e9 con\u00e7us principalement entre 2014 et 2017 et ont \u00e9t\u00e9 r\u00e9dig\u00e9s exclusivement pour le pr\u00e9sent ouvrage \u00e0 l\u2019exception de \u00ab&nbsp;Brace Up&nbsp;\u00bb de E. LeCompte et \u00ab&nbsp;Virtual Scenography&nbsp;\u00bb de M. Reaney pr\u00e9c\u00e9demment publi\u00e9s, auxquels s\u2019ajoutent les articles de T. Dove, Gob Squad, O. Arendt et J. Lambert-wild qui seront ici r\u00e9\u00e9dit\u00e9s (nous poss\u00e9dons les autorisations de r\u00e9\u00e9dition).<\/p>\n\n\n\n<p>Chaque partie est pr\u00e9c\u00e9d\u00e9e d\u2019un contexte th\u00e9orique cens\u00e9 esquisser une topographie des grandes transformations qui touchent le paradigme analys\u00e9. Ces textes ont \u00e9t\u00e9 confi\u00e9s aux sp\u00e9cialistes en la mati\u00e8re&nbsp;: Ester Fuoco (Universit\u00e9 de G\u00eane) pour la partie sur le temps, Aur\u00e9lie Gallois (Universit\u00e9 de Franche-Comt\u00e9) pour la partie sur l\u2019espace, Erica Magris (Universit\u00e9 Paris 8) pour la partie sur l\u2019\u00e9crit, Simon Hagemann (Universit\u00e9 de Lorraine) pour la partie sur le spectateur, Julien Blais (\u00c9cole sup\u00e9rieure de th\u00e9\u00e2tre de l\u2019UQAM) pour la partie sur le dispositif, Izabella Pluta (Universit\u00e9 de Lausanne) pour la partie sur le processus de cr\u00e9ation. La sp\u00e9cificit\u00e9 de l\u2019ouvrage r\u00e9side en ce que nous avons souhait\u00e9 conserver au maximum les langues d\u2019origine des textes. Il contient donc des articles en fran\u00e7ais et en anglais.<\/p>\n\n\n\n<p>La recherche des textes s\u2019est faite en collaboration avec quatre chercheurs&nbsp;: Margot Dacheux de l\u2019Universit\u00e9 Paris 3 qui a travaill\u00e9 sur la Belgique et les Etats-Unis, Herv\u00e9 Guay de l\u2019Universit\u00e9 de Trois Rivi\u00e8re qui en collaboration avec Sarah Thiabud a interview\u00e9 les artistes canadiens, Simon Hagemann de l\u2019Universit\u00e9 de Lorraine a rassembl\u00e9 des textes et entretiens des artistes allemands (il a assur\u00e9 plusieurs traductions), Eug\u00e9nie Pastor de L\u2019Universit\u00e9 de Londres South Bank a collabor\u00e9 avec les artistes britanniques, Izabella Pluta de l\u2019Universit\u00e9 de Lausanne a rassembl\u00e9 des textes des metteurs en sc\u00e8ne fran\u00e7ais, suisses et polonais.<\/p>\n\n\n\n<p>Les pr\u00e9sentes contributions \u00e9voquent les grandes mutations qui touchent le th\u00e9\u00e2tre, le transformant en sc\u00e8ne num\u00e9rique, ainsi que son passage vers le post-num\u00e9rique. Il s\u2019agit de t\u00e9moignages \u00e0 vif, sur le tas, venant de l\u2019exp\u00e9rience du plateau et donc relativement rares \u00e0 trouver et peu archiv\u00e9s. C\u2019est un recueil unique sur le march\u00e9 car traitant sp\u00e9cifiquement du th\u00e9\u00e2tre et de ses formes hybrides. Il est une source riche d\u2019information pour des chercheurs, des doctorants mais \u00e9galement des \u00e9tudiants. Le livre constitue un support des cours sur le spectacle num\u00e9rique dans des universit\u00e9s, des \u00e9coles d\u2019arts et des conservatoires de th\u00e9\u00e2tre.<\/p>\n\n\n<p><strong><span style=\"color: #008000;\">Vernissage dans le cadre de la table ronde \u00ab\u00a0Comment le num\u00e9rique transforme le th\u00e9\u00e2tre\u00a0\u00bb au Numeric Games Festival \u00e0 Yverdon-les-Bains le 28 ao\u00fbt 2022 \u00e0 14h15, avec la participation de Simon Senn, Christophe Burgess, mod\u00e9ration par Jeremy Perruchoud<\/span><\/strong><\/p>\n<figure id=\"attachment_1494\" aria-describedby=\"caption-attachment-1494\" style=\"width: 778px\" class=\"wp-caption alignright\"><img loading=\"lazy\" class=\"wp-image-1494\" src=\"https:\/\/theatreinprogress.ch\/wp-content\/uploads\/2022\/09\/2022-08-28-14.30.57-scaled.jpg\" alt=\"\" width=\"778\" height=\"582\" srcset=\"https:\/\/theatreinprogress.ch\/wp-content\/uploads\/2022\/09\/2022-08-28-14.30.57-scaled.jpg 2560w, https:\/\/theatreinprogress.ch\/wp-content\/uploads\/2022\/09\/2022-08-28-14.30.57-300x224.jpg 300w, https:\/\/theatreinprogress.ch\/wp-content\/uploads\/2022\/09\/2022-08-28-14.30.57-1024x766.jpg 1024w, https:\/\/theatreinprogress.ch\/wp-content\/uploads\/2022\/09\/2022-08-28-14.30.57-768x574.jpg 768w, https:\/\/theatreinprogress.ch\/wp-content\/uploads\/2022\/09\/2022-08-28-14.30.57-1536x1149.jpg 1536w, https:\/\/theatreinprogress.ch\/wp-content\/uploads\/2022\/09\/2022-08-28-14.30.57-2048x1532.jpg 2048w, https:\/\/theatreinprogress.ch\/wp-content\/uploads\/2022\/09\/2022-08-28-14.30.57-1260x942.jpg 1260w\" sizes=\"(max-width: 778px) 100vw, 778px\" \/><figcaption id=\"caption-attachment-1494\" class=\"wp-caption-text\"><strong><span style=\"color: #808080;\">Phot. Claude Beyeler\u00a9<\/span><\/strong><\/figcaption><\/figure>\n<figure id=\"attachment_1498\" aria-describedby=\"caption-attachment-1498\" style=\"width: 785px\" class=\"wp-caption alignright\"><img loading=\"lazy\" class=\"wp-image-1498 \" src=\"https:\/\/theatreinprogress.ch\/wp-content\/uploads\/2022\/09\/2022-08-28-14.34.01-scaled.jpg\" alt=\"\" width=\"785\" height=\"587\" srcset=\"https:\/\/theatreinprogress.ch\/wp-content\/uploads\/2022\/09\/2022-08-28-14.34.01-scaled.jpg 2560w, https:\/\/theatreinprogress.ch\/wp-content\/uploads\/2022\/09\/2022-08-28-14.34.01-300x224.jpg 300w, https:\/\/theatreinprogress.ch\/wp-content\/uploads\/2022\/09\/2022-08-28-14.34.01-1024x766.jpg 1024w, https:\/\/theatreinprogress.ch\/wp-content\/uploads\/2022\/09\/2022-08-28-14.34.01-768x574.jpg 768w, https:\/\/theatreinprogress.ch\/wp-content\/uploads\/2022\/09\/2022-08-28-14.34.01-1536x1149.jpg 1536w, https:\/\/theatreinprogress.ch\/wp-content\/uploads\/2022\/09\/2022-08-28-14.34.01-2048x1532.jpg 2048w, https:\/\/theatreinprogress.ch\/wp-content\/uploads\/2022\/09\/2022-08-28-14.34.01-1260x942.jpg 1260w\" sizes=\"(max-width: 785px) 100vw, 785px\" \/><figcaption id=\"caption-attachment-1498\" class=\"wp-caption-text\"><span style=\"color: #808080;\"><strong>Phot. Claude Beyeler\u00a9<\/strong><\/span><\/figcaption><\/figure>\n\n\n<p><\/p>\n\n\n","protected":false},"excerpt":{"rendered":"<p>Nouvel ouvrage ! Sc\u00e8nes num\u00e9riques\/Digital Stages. Anthologie critique d\u2019\u00e9crits et d\u2019entretiens d\u2019artistes. Critical anthology of artists&rsquo; statements and interviews Dirig\u00e9 par Izabella PLUTA, en collaboration avec Margot Dacheux, Herv\u00e9 Guay, Simon Hagemann et Eug\u00e9nie Pastor Presses universitaire de Rennes, Hors S\u00e9rie, 28 avril 2022 R\u00e9sum\u00e9 du livre Cette anthologie, pr\u00e9fac\u00e9e par Steve Dixon, professeur au&hellip; <\/p>\n<p class=\"toivo-read-more\"><a href=\"https:\/\/theatreinprogress.ch\/?p=1333\" class=\"more-link\">Lire la suite <span class=\"screen-reader-text\">de<\/span> <span class=\"screen-reader-text\">Sc\u00e8nes num\u00e9riques\/Digital Stages &#8211; Anthologie critique<\/span><\/a><\/p>\n","protected":false},"author":1,"featured_media":0,"comment_status":"closed","ping_status":"closed","sticky":false,"template":"","format":"standard","meta":[],"categories":[3],"tags":[],"_links":{"self":[{"href":"https:\/\/theatreinprogress.ch\/index.php?rest_route=\/wp\/v2\/posts\/1333"}],"collection":[{"href":"https:\/\/theatreinprogress.ch\/index.php?rest_route=\/wp\/v2\/posts"}],"about":[{"href":"https:\/\/theatreinprogress.ch\/index.php?rest_route=\/wp\/v2\/types\/post"}],"author":[{"embeddable":true,"href":"https:\/\/theatreinprogress.ch\/index.php?rest_route=\/wp\/v2\/users\/1"}],"replies":[{"embeddable":true,"href":"https:\/\/theatreinprogress.ch\/index.php?rest_route=%2Fwp%2Fv2%2Fcomments&post=1333"}],"version-history":[{"count":8,"href":"https:\/\/theatreinprogress.ch\/index.php?rest_route=\/wp\/v2\/posts\/1333\/revisions"}],"predecessor-version":[{"id":2087,"href":"https:\/\/theatreinprogress.ch\/index.php?rest_route=\/wp\/v2\/posts\/1333\/revisions\/2087"}],"wp:attachment":[{"href":"https:\/\/theatreinprogress.ch\/index.php?rest_route=%2Fwp%2Fv2%2Fmedia&parent=1333"}],"wp:term":[{"taxonomy":"category","embeddable":true,"href":"https:\/\/theatreinprogress.ch\/index.php?rest_route=%2Fwp%2Fv2%2Fcategories&post=1333"},{"taxonomy":"post_tag","embeddable":true,"href":"https:\/\/theatreinprogress.ch\/index.php?rest_route=%2Fwp%2Fv2%2Ftags&post=1333"}],"curies":[{"name":"wp","href":"https:\/\/api.w.org\/{rel}","templated":true}]}}