{"id":1365,"date":"2022-07-10T19:28:32","date_gmt":"2022-07-10T17:28:32","guid":{"rendered":"http:\/\/theatreinprogress.ch\/?p=1365"},"modified":"2022-07-10T19:28:32","modified_gmt":"2022-07-10T17:28:32","slug":"annaelle-poget-nouvelle-collaboratrice-des-avril-2022","status":"publish","type":"post","link":"https:\/\/theatreinprogress.ch\/?p=1365","title":{"rendered":"Anna\u00eblle Poget -nouvelle collaboratrice d\u00e8s avril 2022"},"content":{"rendered":"\n<p><strong>Anna\u00eblle Poget <\/strong>&#8211; \u00e9tudiante en niveau bachelor \u00e0 l\u2019universit\u00e9 de Lausanne dans les fili\u00e8res d\u2019anglais et d\u2019histoire et esth\u00e9tique du cin\u00e9ma, je porte un fort int\u00e9r\u00eat pour le domaine de la culture, qu&rsquo;il concerne la musique, le cin\u00e9ma, la danse ou la performance th\u00e9\u00e2trale. J&rsquo;appr\u00e9cie d&rsquo;autant plus quand celui ci est li\u00e9 \u00e0 mes \u00e9tudes en cin\u00e9ma. Mon int\u00e9r\u00eat pour le dispositif cin\u00e9matographique m&rsquo;a pouss\u00e9 \u00e0 m&rsquo;int\u00e9resser \u00e0 son utilisation dans diff\u00e9rents domaines artistiques tel que le th\u00e9\u00e2tre. C&rsquo;est donc par ce biais que j&rsquo;ai pris connaissance de l&rsquo;existence du th\u00e9\u00e2tre de l&rsquo;interm\u00e9dialit\u00e9.<\/p>\n","protected":false},"excerpt":{"rendered":"<p>Anna\u00eblle Poget &#8211; \u00e9tudiante en niveau bachelor \u00e0 l\u2019universit\u00e9 de Lausanne dans les fili\u00e8res d\u2019anglais et d\u2019histoire et esth\u00e9tique du cin\u00e9ma, je porte un fort int\u00e9r\u00eat pour le domaine de la culture, qu&rsquo;il concerne la musique, le cin\u00e9ma, la danse ou la performance th\u00e9\u00e2trale. J&rsquo;appr\u00e9cie d&rsquo;autant plus quand celui ci est li\u00e9 \u00e0 mes \u00e9tudes&hellip; <\/p>\n<p class=\"toivo-read-more\"><a href=\"https:\/\/theatreinprogress.ch\/?p=1365\" class=\"more-link\">Lire la suite <span class=\"screen-reader-text\">de<\/span> <span class=\"screen-reader-text\">Anna\u00eblle Poget -nouvelle collaboratrice d\u00e8s avril 2022<\/span><\/a><\/p>\n","protected":false},"author":1,"featured_media":0,"comment_status":"closed","ping_status":"closed","sticky":false,"template":"","format":"standard","meta":[],"categories":[1],"tags":[],"_links":{"self":[{"href":"https:\/\/theatreinprogress.ch\/index.php?rest_route=\/wp\/v2\/posts\/1365"}],"collection":[{"href":"https:\/\/theatreinprogress.ch\/index.php?rest_route=\/wp\/v2\/posts"}],"about":[{"href":"https:\/\/theatreinprogress.ch\/index.php?rest_route=\/wp\/v2\/types\/post"}],"author":[{"embeddable":true,"href":"https:\/\/theatreinprogress.ch\/index.php?rest_route=\/wp\/v2\/users\/1"}],"replies":[{"embeddable":true,"href":"https:\/\/theatreinprogress.ch\/index.php?rest_route=%2Fwp%2Fv2%2Fcomments&post=1365"}],"version-history":[{"count":1,"href":"https:\/\/theatreinprogress.ch\/index.php?rest_route=\/wp\/v2\/posts\/1365\/revisions"}],"predecessor-version":[{"id":1415,"href":"https:\/\/theatreinprogress.ch\/index.php?rest_route=\/wp\/v2\/posts\/1365\/revisions\/1415"}],"wp:attachment":[{"href":"https:\/\/theatreinprogress.ch\/index.php?rest_route=%2Fwp%2Fv2%2Fmedia&parent=1365"}],"wp:term":[{"taxonomy":"category","embeddable":true,"href":"https:\/\/theatreinprogress.ch\/index.php?rest_route=%2Fwp%2Fv2%2Fcategories&post=1365"},{"taxonomy":"post_tag","embeddable":true,"href":"https:\/\/theatreinprogress.ch\/index.php?rest_route=%2Fwp%2Fv2%2Ftags&post=1365"}],"curies":[{"name":"wp","href":"https:\/\/api.w.org\/{rel}","templated":true}]}}