{"id":1383,"date":"2022-06-24T11:13:08","date_gmt":"2022-06-24T09:13:08","guid":{"rendered":"http:\/\/theatreinprogress.ch\/?p=1383"},"modified":"2022-06-24T11:13:09","modified_gmt":"2022-06-24T09:13:09","slug":"anne-charlotte-neidig-nouvelle-collaboratrice","status":"publish","type":"post","link":"https:\/\/theatreinprogress.ch\/?p=1383","title":{"rendered":"Anne-Charlotte Neidig\/ nouvelle collaboratrice"},"content":{"rendered":"\n<p><strong>Anne-Charlotte Neidig<\/strong> est \u00e9tudiante en Histoire et esth\u00e9tique du cin\u00e9ma, ainsi qu&rsquo;en Sciences sociales, \u00e0 l&rsquo;Universit\u00e9 de Lausanne. Ses centres d&rsquo;int\u00e9r\u00eat s&rsquo;articulent autour de la question de la repr\u00e9sentation au cin\u00e9ma, la cr\u00e9ation et l&rsquo;adaptation du discours filmique, ainsi que ses dynamiques de r\u00e9ception.<br>L&rsquo;esth\u00e9tique singuli\u00e8re du m\u00e9dia cin\u00e9ma la fascine, de m\u00eame que son croisement avec diverses autres formes et pratiques artistiques. Collabore avec nous depuis juin 2022.<\/p>\n\n\n","protected":false},"excerpt":{"rendered":"<p>Anne-Charlotte Neidig est \u00e9tudiante en Histoire et esth\u00e9tique du cin\u00e9ma, ainsi qu&rsquo;en Sciences sociales, \u00e0 l&rsquo;Universit\u00e9 de Lausanne. Ses centres d&rsquo;int\u00e9r\u00eat s&rsquo;articulent autour de la question de la repr\u00e9sentation au cin\u00e9ma, la cr\u00e9ation et l&rsquo;adaptation du discours filmique, ainsi que ses dynamiques de r\u00e9ception.L&rsquo;esth\u00e9tique singuli\u00e8re du m\u00e9dia cin\u00e9ma la fascine, de m\u00eame que son croisement&hellip; <\/p>\n<p class=\"toivo-read-more\"><a href=\"https:\/\/theatreinprogress.ch\/?p=1383\" class=\"more-link\">Lire la suite <span class=\"screen-reader-text\">de<\/span> <span class=\"screen-reader-text\">Anne-Charlotte Neidig\/ nouvelle collaboratrice<\/span><\/a><\/p>\n","protected":false},"author":1,"featured_media":0,"comment_status":"closed","ping_status":"closed","sticky":false,"template":"","format":"standard","meta":[],"categories":[1],"tags":[],"_links":{"self":[{"href":"https:\/\/theatreinprogress.ch\/index.php?rest_route=\/wp\/v2\/posts\/1383"}],"collection":[{"href":"https:\/\/theatreinprogress.ch\/index.php?rest_route=\/wp\/v2\/posts"}],"about":[{"href":"https:\/\/theatreinprogress.ch\/index.php?rest_route=\/wp\/v2\/types\/post"}],"author":[{"embeddable":true,"href":"https:\/\/theatreinprogress.ch\/index.php?rest_route=\/wp\/v2\/users\/1"}],"replies":[{"embeddable":true,"href":"https:\/\/theatreinprogress.ch\/index.php?rest_route=%2Fwp%2Fv2%2Fcomments&post=1383"}],"version-history":[{"count":1,"href":"https:\/\/theatreinprogress.ch\/index.php?rest_route=\/wp\/v2\/posts\/1383\/revisions"}],"predecessor-version":[{"id":1384,"href":"https:\/\/theatreinprogress.ch\/index.php?rest_route=\/wp\/v2\/posts\/1383\/revisions\/1384"}],"wp:attachment":[{"href":"https:\/\/theatreinprogress.ch\/index.php?rest_route=%2Fwp%2Fv2%2Fmedia&parent=1383"}],"wp:term":[{"taxonomy":"category","embeddable":true,"href":"https:\/\/theatreinprogress.ch\/index.php?rest_route=%2Fwp%2Fv2%2Fcategories&post=1383"},{"taxonomy":"post_tag","embeddable":true,"href":"https:\/\/theatreinprogress.ch\/index.php?rest_route=%2Fwp%2Fv2%2Ftags&post=1383"}],"curies":[{"name":"wp","href":"https:\/\/api.w.org\/{rel}","templated":true}]}}