{"id":1672,"date":"2023-06-05T11:09:43","date_gmt":"2023-06-05T09:09:43","guid":{"rendered":"http:\/\/theatreinprogress.ch\/?p=1672"},"modified":"2024-04-11T18:16:40","modified_gmt":"2024-04-11T16:16:40","slug":"critique-flash-la-camera","status":"publish","type":"post","link":"https:\/\/theatreinprogress.ch\/?p=1672","title":{"rendered":"Critique FLASH \u00ab\u00a0La Cam\u00e9ra\u00a0\u00bb"},"content":{"rendered":"<h3 style=\"text-align: center;\"><span style=\"color: #ff00ff;\"><strong>Critique <em>FLASH! <\/em><\/strong><\/span><\/h3>\n<h4 style=\"text-align: center;\"><strong>\u00ab\u00a0L\u2019improvisation fait son cin\u00e9ma\u00a0\u00bb<\/strong><br><strong>Auteur : Gemma ARDUINI\u00a9<\/strong><\/h4>\n<blockquote>\n<p><strong><span style=\"color: #808080;\">\u00ab\u00a0La Cam\u00e9ra\u00a0\u00bb, avec Alain Borek, Laurent Baier, Tiphanie Bovay-Klameth, Odile Cantero, Marion Chabloz, Baptiste Gilli\u00e9ron, Alain H\u00e4rtel, Adrien Knecht, Gr\u00e9goire Leresche, Adrien Mani, Laetitia Mischler, Yacine Nemra, Sylvain Renou, Yvan Richardet, Anita Rodriguez, premi\u00e8re: le 11 avril 2023 dans le cadre de Lausanne Impro, Th\u00e9\u00e2tre 2.21 Lausanne<\/span><\/strong><\/p>\n<\/blockquote>\n\n\n<p>C\u2019est avec adresse que th\u00e9\u00e2tralit\u00e9 et improvisation se lient au dispositif cin\u00e9matographique dans le spectacle \u00ab\u00a0La Cam\u00e9ra\u00a0\u00bb. Cette pi\u00e8ce d\u2019improvisation, jou\u00e9e par la troupe Lausanne Impro au th\u00e9\u00e2tre 2.21 \u00e0 Lausanne du 11 au 31 avril 2023, revisite l\u2019un de leur spectacle \u00ab\u00a0Le Casting\u00a0\u00bb. Afin de marquer les 20 ans de sa cr\u00e9ation, ce travail sc\u00e9nique est repens\u00e9 avec l\u2019apport du dispositif cin\u00e9matographique. Ainsi, \u00ab\u00a0La Cam\u00e9ra\u00a0\u00bb suit six com\u00e9diens (les quatre acteurs, le r\u00e9alisateur et le cam\u00e9raman) dans la cr\u00e9ation d\u2019un film : du casting au tournage en passant par sa projection. Chaque soir, une \u00e9quipe de com\u00e9diens diff\u00e9rents s\u2019alternent pour imaginer un nouveau film et un nouveau sc\u00e9nario, cr\u00e9ant un spectacle unique et surprenant de cr\u00e9ativit\u00e9.<\/p>\n\n\n<p><!--more--><\/p>\n<figure id=\"attachment_1676\" aria-describedby=\"caption-attachment-1676\" style=\"width: 443px\" class=\"wp-caption aligncenter\"><img loading=\"lazy\" class=\"size-full wp-image-1676\" src=\"https:\/\/theatreinprogress.ch\/wp-content\/uploads\/2023\/06\/Image1.jpg\" alt=\"\" width=\"443\" height=\"372\" srcset=\"https:\/\/theatreinprogress.ch\/wp-content\/uploads\/2023\/06\/Image1.jpg 443w, https:\/\/theatreinprogress.ch\/wp-content\/uploads\/2023\/06\/Image1-300x252.jpg 300w\" sizes=\"(max-width: 443px) 100vw, 443px\" \/><figcaption id=\"caption-attachment-1676\" class=\"wp-caption-text\"><span style=\"color: #808080;\">Fig. 1. Clap utilis\u00e9 pour y inscrire le titre du spectacle, le nom des com\u00e9diens, et le titre du film jou\u00e9 lors de la repr\u00e9sentation. Phot. Gemma Arduini\u00a9<\/span><\/figcaption><\/figure>\n<p><!--more--><\/p>\n<p><!--more--><\/p>\n\n\n<p>Lors de la repr\u00e9sentation du 16 avril 2023, le spectacle jouait le film \u00ab\u00a0On s\u2019est mari\u00e9\u00a0\u00bb, pens\u00e9 ce soir-l\u00e0 par le com\u00e9dien Alain Borek qui incarne le r\u00e9alisateur, et film\u00e9 par Gr\u00e9goire Lereshe (Fig.1). Le spectacle est en deux parties. Lors de la premi\u00e8re, le r\u00e9alisateur auditionne quatre com\u00e9diens (jou\u00e9s par Odile Cantero, Yacine Nemra, Laurent Baier et Adrien Knecht) en leur donnant des pistes narratives qui donnent lieu \u00e0 de courtes sayn\u00e8tes improvis\u00e9es. Cette partie se termine par la r\u00e9v\u00e9lation du synopsis et l\u2019attribution des r\u00f4les du film qui seront jou\u00e9s en seconde partie. S\u2019ensuit un entracte de dix minutes permettant aux com\u00e9diens d\u2019imaginer le film en question. Pour accompagner le tout, un com\u00e9dien \u00e9quip\u00e9 d\u2019une cam\u00e9ra filme ponctuellement le spectacle. Lors des s\u00e9quences capt\u00e9es, les acteurs tournent le dos aux spectateurs pour se mettre face \u00e0 la cam\u00e9ra, pendant que les plans sont projet\u00e9s en direct sur le grand \u00e9cran, \u00e0 gauche du plateau (Fig.2). Ainsi, \u00ab\u00a0La Cam\u00e9ra\u00a0\u00bb met en sc\u00e8ne cette double production, entre th\u00e9\u00e2tralit\u00e9 improvis\u00e9e et cin\u00e9ma direct. Le dispositif mis en place apporte une richesse visuelle et narrative \u00e0 la pi\u00e8ce, la rendant ainsi des plus intrigantes. Le passage entre th\u00e9\u00e2tre et cin\u00e9ma est marqu\u00e9 par le mode de projection sur grand \u00e9cran, reprenant ainsi les codes de la salle de cin\u00e9ma. Les s\u00e9quences projet\u00e9es font l\u2019usage du noir et blanc, ce qui permet de cr\u00e9er une distance avec la temporalit\u00e9, laissant une impression de d\u00e9liaison des moments jou\u00e9s et film\u00e9s. Ceci est soulign\u00e9 lors de la deuxi\u00e8me partie, durant laquelle les plans film\u00e9s repr\u00e9sentent des flashbacks, apportant avec ing\u00e9niosit\u00e9 de la mati\u00e8re \u00e0 la trame narrative qui peut ainsi explorer plusieurs chronologies.<\/p>\n\n\n<figure id=\"attachment_1677\" aria-describedby=\"caption-attachment-1677\" style=\"width: 468px\" class=\"wp-caption aligncenter\"><img loading=\"lazy\" class=\" wp-image-1677\" src=\"https:\/\/theatreinprogress.ch\/wp-content\/uploads\/2023\/06\/Image2.jpg\" alt=\"\" width=\"468\" height=\"263\" srcset=\"https:\/\/theatreinprogress.ch\/wp-content\/uploads\/2023\/06\/Image2.jpg 605w, https:\/\/theatreinprogress.ch\/wp-content\/uploads\/2023\/06\/Image2-300x169.jpg 300w\" sizes=\"(max-width: 468px) 100vw, 468px\" \/><figcaption id=\"caption-attachment-1677\" class=\"wp-caption-text\"><span style=\"color: #808080;\">Fig. 2. Sc\u00e8ne sur laquelle s\u2019est jou\u00e9e la repr\u00e9sentation, avec l\u2019\u00e9cran sur lequel \u00e9taient projet\u00e9es les s\u00e9quences en direct. Photo. Gemma Arduini\u00a9<\/span><\/figcaption><\/figure>\n\n\n<p>Par ailleurs, l\u2019entr\u00e9e en sc\u00e8ne de la deuxi\u00e8me partie est certainement le passage le plus int\u00e9ressant d\u2019un point de vue cin\u00e9matographique\u2009: la troupe reprend les codes du g\u00e9n\u00e9rique de film en faisant d\u00e9filer des cartons de pr\u00e9sentations devant la cam\u00e9ra, projetant les images en direct sur l\u2019\u00e9cran. Le cam\u00e9raman utilise diff\u00e9rents proc\u00e9d\u00e9s cin\u00e9matographiques, tels que le zoom et le travelling, auxquels s\u2019ajoute une musique pop, rythmant avec entrain la sc\u00e8ne d\u2019ouverture du film.<\/p>\n\n\n\n<p>La pi\u00e8ce est construite notamment par le talent des acteurs, qui m\u00e8nent leur improvisation avec dext\u00e9rit\u00e9. Ils arrivent \u00e0 transmettre des \u00e9motions fortes tout en s\u2019adaptant rapidement aux indications du r\u00e9alisateur, mais \u00e9galement lors du passage aux sc\u00e8nes film\u00e9es. Ensemble, ils articulent leurs id\u00e9es pour cr\u00e9er un spectacle surprenant, dr\u00f4le, et touchant. Ce soir-l\u00e0, la performance d\u2019Adrien Knecht \u00e9tait particuli\u00e8rement saisissante. Lors de la seconde partie du spectacle, il lui \u00e9tait impos\u00e9 de jouer un double r\u00f4le, \u00e0 la fois le conjoint et le fils. Avec humour et subtilit\u00e9, il a su incarner ces deux personnages.<\/p>\n\n\n\n<p>\u00ab\u00a0La Cam\u00e9ra\u00a0\u00bb est un excellent spectacle d\u2019improvisation compos\u00e9 de l\u00e9g\u00e8ret\u00e9 et de tact qui use du dispositif cin\u00e9matographique de mani\u00e8re originale et avec virtuosit\u00e9. \u00c0 la fronti\u00e8re entre deux mondes, cette pi\u00e8ce propose une pause de gait\u00e9 et de rayonnement, accompagn\u00e9 d\u2019une production \u00e0 la touche num\u00e9rique.<\/p>\n\n\n<p><span style=\"color: #800080;\"><span style=\"color: #808080;\"><strong>Gemma Arduini <\/strong><\/span><span style=\"color: #000000;\">est actuellement \u00e9tudiante en histoire de l&rsquo;art et en cin\u00e9ma \u00e0 l&rsquo;Universit\u00e9 de Lausanne.&nbsp; <br><\/span><\/span><\/p>\n<p><strong><span style=\"color: #808080;\">Pour citer cet article: <\/span><\/strong><\/p>\n<p><span style=\"color: #800080;\"><span style=\"color: #000000;\"><strong>Gemma Arduini, \u00ab\u00a0L&rsquo;Improvisation fait son cin\u00e9ma\u00a0\u00bb, <\/strong><span lang=\"fr-FR\"><b>in <em>Critiques. Regard sur la technologie dans le spectacle vivant.<\/em> Carnet en ligne de Theatre in Progress, in Web : https:\/\/theatreinprogress.ch\/?p=1672 ; mis en ligne le 5 juin 2023<\/b><\/span><\/span> <\/span><\/p>\n\n\n<p><\/p>\n","protected":false},"excerpt":{"rendered":"<p>Critique FLASH! \u00ab\u00a0L\u2019improvisation fait son cin\u00e9ma\u00a0\u00bbAuteur : Gemma ARDUINI\u00a9 \u00ab\u00a0La Cam\u00e9ra\u00a0\u00bb, avec Alain Borek, Laurent Baier, Tiphanie Bovay-Klameth, Odile Cantero, Marion Chabloz, Baptiste Gilli\u00e9ron, Alain H\u00e4rtel, Adrien Knecht, Gr\u00e9goire Leresche, Adrien Mani, Laetitia Mischler, Yacine Nemra, Sylvain Renou, Yvan Richardet, Anita Rodriguez, premi\u00e8re: le 11 avril 2023 dans le cadre de Lausanne Impro, Th\u00e9\u00e2tre 2.21&hellip; <\/p>\n<p class=\"toivo-read-more\"><a href=\"https:\/\/theatreinprogress.ch\/?p=1672\" class=\"more-link\">Lire la suite <span class=\"screen-reader-text\">de<\/span> <span class=\"screen-reader-text\">Critique FLASH \u00ab\u00a0La Cam\u00e9ra\u00a0\u00bb<\/span><\/a><\/p>\n","protected":false},"author":1,"featured_media":1676,"comment_status":"closed","ping_status":"closed","sticky":false,"template":"","format":"standard","meta":[],"categories":[13],"tags":[167,207,208,211,210,209],"_links":{"self":[{"href":"https:\/\/theatreinprogress.ch\/index.php?rest_route=\/wp\/v2\/posts\/1672"}],"collection":[{"href":"https:\/\/theatreinprogress.ch\/index.php?rest_route=\/wp\/v2\/posts"}],"about":[{"href":"https:\/\/theatreinprogress.ch\/index.php?rest_route=\/wp\/v2\/types\/post"}],"author":[{"embeddable":true,"href":"https:\/\/theatreinprogress.ch\/index.php?rest_route=\/wp\/v2\/users\/1"}],"replies":[{"embeddable":true,"href":"https:\/\/theatreinprogress.ch\/index.php?rest_route=%2Fwp%2Fv2%2Fcomments&post=1672"}],"version-history":[{"count":14,"href":"https:\/\/theatreinprogress.ch\/index.php?rest_route=\/wp\/v2\/posts\/1672\/revisions"}],"predecessor-version":[{"id":1910,"href":"https:\/\/theatreinprogress.ch\/index.php?rest_route=\/wp\/v2\/posts\/1672\/revisions\/1910"}],"wp:featuredmedia":[{"embeddable":true,"href":"https:\/\/theatreinprogress.ch\/index.php?rest_route=\/wp\/v2\/media\/1676"}],"wp:attachment":[{"href":"https:\/\/theatreinprogress.ch\/index.php?rest_route=%2Fwp%2Fv2%2Fmedia&parent=1672"}],"wp:term":[{"taxonomy":"category","embeddable":true,"href":"https:\/\/theatreinprogress.ch\/index.php?rest_route=%2Fwp%2Fv2%2Fcategories&post=1672"},{"taxonomy":"post_tag","embeddable":true,"href":"https:\/\/theatreinprogress.ch\/index.php?rest_route=%2Fwp%2Fv2%2Ftags&post=1672"}],"curies":[{"name":"wp","href":"https:\/\/api.w.org\/{rel}","templated":true}]}}