{"id":2090,"date":"2025-01-18T12:14:52","date_gmt":"2025-01-18T10:14:52","guid":{"rendered":"https:\/\/theatreinprogress.ch\/?p=2090"},"modified":"2025-01-18T12:23:56","modified_gmt":"2025-01-18T10:23:56","slug":"theatre-in-progress-a-porte-la-publication-du-cahier-de-creation-brainwaves","status":"publish","type":"post","link":"https:\/\/theatreinprogress.ch\/?p=2090","title":{"rendered":"Theatre in Progress a port\u00e9 la publication du \u00ab\u00a0Cahier de cr\u00e9ation &lsquo;Brainwaves'\u00a0\u00bb"},"content":{"rendered":"\n<p>\u00ab\u00a0Cahier de cr\u00e9ation du projet &lsquo;Brainwaves'\u00a0\u00bb relate les coulisses du processus de cr\u00e9ation de cette performance immersive. Sign\u00e9e par RGB Project, elle a eu sa premi\u00e8re le 6 novembre 2021 au Th\u00e9\u00e2tre Les Halles \u00e0 Sierre (Suisse). Le \u00ab\u00a0Cahier\u00a0\u00bb rassemble des entretiens avec l&rsquo;\u00e9quipe de cr\u00e9ation, les textes \u00e9crits par ses artistes et plusieurs photos des r\u00e9p\u00e9titions et du spectacle. Le recueil a \u00e9t\u00e9 achev\u00e9 le 3 janvier 2025.<\/p>\n\n\n<figure id=\"attachment_2094\" aria-describedby=\"caption-attachment-2094\" style=\"width: 421px\" class=\"wp-caption alignnone\"><img loading=\"lazy\" class=\" wp-image-2094\" src=\"https:\/\/theatreinprogress.ch\/wp-content\/uploads\/2025\/01\/Couverture_Brainwaves.jpg\" alt=\"\" width=\"421\" height=\"518\" srcset=\"https:\/\/theatreinprogress.ch\/wp-content\/uploads\/2025\/01\/Couverture_Brainwaves.jpg 980w, https:\/\/theatreinprogress.ch\/wp-content\/uploads\/2025\/01\/Couverture_Brainwaves-244x300.jpg 244w, https:\/\/theatreinprogress.ch\/wp-content\/uploads\/2025\/01\/Couverture_Brainwaves-833x1024.jpg 833w, https:\/\/theatreinprogress.ch\/wp-content\/uploads\/2025\/01\/Couverture_Brainwaves-768x944.jpg 768w\" sizes=\"(max-width: 421px) 100vw, 421px\" \/><figcaption id=\"caption-attachment-2094\" class=\"wp-caption-text\"><strong><span style=\"color: #808080;\">Couverture du \u00ab\u00a0Cahier de cr\u00e9ation &lsquo;Brainwaves'\u00a0\u00bb<\/span><\/strong><\/figcaption><\/figure>\n\n\n<p><strong>S<\/strong>OMMAIRE<\/p>\n\n\n\n<p>Cahier de cr\u00e9ation. R\u00e9miniscences d\u2019une collaboration innovante<br>Izabella Pluta\u20266<br><\/p>\n\n\n\n<p>Mise en sc\u00e8ne. Orchestrer un processus interdisciplinaire<br>Christophe Burgess\u20268<br><\/p>\n\n\n\n<p>Jeu de l\u2019actrice et performance du double virtuel. D\u00e9couvertes et contraintes<br>Entretien avec Estelle Bridet et Lisa Courvallet par Doris Naclerio et Anne-Sophie Zuber\u202620<br><\/p>\n\n\n\n<p>Le costume sc\u00e9nique et la question de la 3D<br>Ana Carina Romero Astorga\u202626<br><\/p>\n\n\n\n<p>Avatar, enjeux de conception<br>Basil Denereaz (ZEROTERA)\u202634<br><\/p>\n\n\n\n<p>Du crayon \u00e0 la mod\u00e9lisation 3D : la sc\u00e9nographie th\u00e9\u00e2trale face aux outils num\u00e9riques<br>Entretien avec Lucie Meyer par Izabella Pluta\u202640<br><\/p>\n\n\n\n<p>Corps et r\u00e9gie<br>Cyprien Rausis\u202652<\/p>\n\n\n\n<p><br>Le corps actoriel \u00e0 l\u2019\u00e9preuve du design 3D<br>Entretien r\u00e9alis\u00e9 avec L\u00e9onard Guyot, Evan Kelly, Paul L\u00ebon, Kylan Luginb\u00fchl, Valerio Meschi et Ya\u00ebl Sidler (ZEROTERA) par Izabella Pluta\u202656<\/p>\n\n\n\n<p><br>Personnage et univers sonore : intrications<br>Djamel Cencio\u202666<\/p>\n\n\n\n<p><br>Plus loin que le r\u00eave\u2026<br>Entretien avec Michael Goodchild et Emilien Rossier par Izabella Pluta\u202670<\/p>\n\n\n\n<p><br>Performance immersive et nouvel enjeu pour le public. Quelques mots sur le contexte<br>Izabella Pluta\u202678<br><\/p>\n\n\n\n<p>Notices bibliographiques\u202688<br>Distribution\u202693<\/p>\n\n\n\n<p>Le <em>Cahier<\/em> est t\u00e9l\u00e9chargeable ici: <a href=\"https:\/\/theatreinprogress.ch\/wp-content\/uploads\/2025\/01\/Brainwaves-cahier-de-creation.pdf\">https:\/\/theatreinprogress.ch\/wp-content\/uploads\/2025\/01\/Brainwaves-cahier-de-creation.pdf<\/a><\/p>\n","protected":false},"excerpt":{"rendered":"<p>\u00ab\u00a0Cahier de cr\u00e9ation du projet &lsquo;Brainwaves&rsquo;\u00a0\u00bb relate les coulisses du processus de cr\u00e9ation de cette performance immersive. Sign\u00e9e par RGB Project, elle a eu sa premi\u00e8re le 6 novembre 2021 au Th\u00e9\u00e2tre Les Halles \u00e0 Sierre (Suisse). Le \u00ab\u00a0Cahier\u00a0\u00bb rassemble des entretiens avec l&rsquo;\u00e9quipe de cr\u00e9ation, les textes \u00e9crits par ses artistes et plusieurs photos&hellip; <\/p>\n<p class=\"toivo-read-more\"><a href=\"https:\/\/theatreinprogress.ch\/?p=2090\" class=\"more-link\">Lire la suite <span class=\"screen-reader-text\">de<\/span> <span class=\"screen-reader-text\">Theatre in Progress a port\u00e9 la publication du \u00ab\u00a0Cahier de cr\u00e9ation &lsquo;Brainwaves&rsquo;\u00a0\u00bb<\/span><\/a><\/p>\n","protected":false},"author":1,"featured_media":0,"comment_status":"closed","ping_status":"closed","sticky":false,"template":"","format":"standard","meta":[],"categories":[3,4],"tags":[],"_links":{"self":[{"href":"https:\/\/theatreinprogress.ch\/index.php?rest_route=\/wp\/v2\/posts\/2090"}],"collection":[{"href":"https:\/\/theatreinprogress.ch\/index.php?rest_route=\/wp\/v2\/posts"}],"about":[{"href":"https:\/\/theatreinprogress.ch\/index.php?rest_route=\/wp\/v2\/types\/post"}],"author":[{"embeddable":true,"href":"https:\/\/theatreinprogress.ch\/index.php?rest_route=\/wp\/v2\/users\/1"}],"replies":[{"embeddable":true,"href":"https:\/\/theatreinprogress.ch\/index.php?rest_route=%2Fwp%2Fv2%2Fcomments&post=2090"}],"version-history":[{"count":7,"href":"https:\/\/theatreinprogress.ch\/index.php?rest_route=\/wp\/v2\/posts\/2090\/revisions"}],"predecessor-version":[{"id":2107,"href":"https:\/\/theatreinprogress.ch\/index.php?rest_route=\/wp\/v2\/posts\/2090\/revisions\/2107"}],"wp:attachment":[{"href":"https:\/\/theatreinprogress.ch\/index.php?rest_route=%2Fwp%2Fv2%2Fmedia&parent=2090"}],"wp:term":[{"taxonomy":"category","embeddable":true,"href":"https:\/\/theatreinprogress.ch\/index.php?rest_route=%2Fwp%2Fv2%2Fcategories&post=2090"},{"taxonomy":"post_tag","embeddable":true,"href":"https:\/\/theatreinprogress.ch\/index.php?rest_route=%2Fwp%2Fv2%2Ftags&post=2090"}],"curies":[{"name":"wp","href":"https:\/\/api.w.org\/{rel}","templated":true}]}}