{"id":357,"date":"2017-12-10T18:37:07","date_gmt":"2017-12-10T16:37:07","guid":{"rendered":"http:\/\/theatreinprogress.ch\/?p=357"},"modified":"2018-04-19T15:29:16","modified_gmt":"2018-04-19T13:29:16","slug":"vernissage-du-livre-metteur-en-scene","status":"publish","type":"post","link":"https:\/\/theatreinprogress.ch\/?p=357","title":{"rendered":"Vernissage du livre \u00ab\u00a0Metteur en sc\u00e8ne\u00a0\u00bb"},"content":{"rendered":"<p><a href=\"https:\/\/theatreinprogress.ch\/wp-content\/uploads\/2017\/12\/Flyer_Cube_Metteur_en_scene.jpg\"><img loading=\"lazy\" class=\"alignright size-medium wp-image-359\" src=\"https:\/\/theatreinprogress.ch\/wp-content\/uploads\/2017\/12\/Flyer_Cube_Metteur_en_scene-300x225.jpg\" alt=\"\" width=\"300\" height=\"225\" srcset=\"https:\/\/theatreinprogress.ch\/wp-content\/uploads\/2017\/12\/Flyer_Cube_Metteur_en_scene-300x225.jpg 300w, https:\/\/theatreinprogress.ch\/wp-content\/uploads\/2017\/12\/Flyer_Cube_Metteur_en_scene-768x576.jpg 768w, https:\/\/theatreinprogress.ch\/wp-content\/uploads\/2017\/12\/Flyer_Cube_Metteur_en_scene.jpg 960w\" sizes=\"(max-width: 300px) 100vw, 300px\" \/><\/a>Pr\u00e9sentation du livre<\/p>\n<p><span style=\"color: #008080;\"><strong>\u00ab\u00a0Metteur en sc\u00e8ne aujourd&rsquo;hui\u00a0\u00bb<\/strong> <\/span><\/p>\n<p>par Izabella Pluta et Gabrielle Girot<\/p>\n<p><span style=\"color: #008080;\">le<\/span> <span style=\"color: #008080;\"><strong>14 d\u00e9cembre de 18h \u00e0 19h au CUBE<br \/>\n<\/strong><\/span><\/p>\n<p>cette rencontre sera suivie par un ap\u00e9ritif<\/p>\n<p>La pr\u00e9sentation fait partie du colloque international \u00ab\u00a0Masques technologiques\u00a0\u00bb organis\u00e9 par Erica Magris, Giulia Filacanapa, Georges Gagner\u00e9 et C\u00e9dric Plessiet de l&rsquo;Universit\u00e9 Paris 8 (les 14-15 d\u00e9cembre 2017) au Cube (Issy-les-Moulineux)<\/p>\n","protected":false},"excerpt":{"rendered":"<p>Pr\u00e9sentation du livre \u00ab\u00a0Metteur en sc\u00e8ne aujourd&rsquo;hui\u00a0\u00bb par Izabella Pluta et Gabrielle Girot le 14 d\u00e9cembre de 18h \u00e0 19h au CUBE cette rencontre sera suivie par un ap\u00e9ritif La pr\u00e9sentation fait partie du colloque international \u00ab\u00a0Masques technologiques\u00a0\u00bb organis\u00e9 par Erica Magris, Giulia Filacanapa, Georges Gagner\u00e9 et C\u00e9dric Plessiet de l&rsquo;Universit\u00e9 Paris 8 (les 14-15&hellip; <\/p>\n<p class=\"toivo-read-more\"><a href=\"https:\/\/theatreinprogress.ch\/?p=357\" class=\"more-link\">Lire la suite <span class=\"screen-reader-text\">de<\/span> <span class=\"screen-reader-text\">Vernissage du livre \u00ab\u00a0Metteur en sc\u00e8ne\u00a0\u00bb<\/span><\/a><\/p>\n","protected":false},"author":1,"featured_media":0,"comment_status":"open","ping_status":"open","sticky":false,"template":"","format":"standard","meta":[],"categories":[1],"tags":[50],"_links":{"self":[{"href":"https:\/\/theatreinprogress.ch\/index.php?rest_route=\/wp\/v2\/posts\/357"}],"collection":[{"href":"https:\/\/theatreinprogress.ch\/index.php?rest_route=\/wp\/v2\/posts"}],"about":[{"href":"https:\/\/theatreinprogress.ch\/index.php?rest_route=\/wp\/v2\/types\/post"}],"author":[{"embeddable":true,"href":"https:\/\/theatreinprogress.ch\/index.php?rest_route=\/wp\/v2\/users\/1"}],"replies":[{"embeddable":true,"href":"https:\/\/theatreinprogress.ch\/index.php?rest_route=%2Fwp%2Fv2%2Fcomments&post=357"}],"version-history":[{"count":3,"href":"https:\/\/theatreinprogress.ch\/index.php?rest_route=\/wp\/v2\/posts\/357\/revisions"}],"predecessor-version":[{"id":362,"href":"https:\/\/theatreinprogress.ch\/index.php?rest_route=\/wp\/v2\/posts\/357\/revisions\/362"}],"wp:attachment":[{"href":"https:\/\/theatreinprogress.ch\/index.php?rest_route=%2Fwp%2Fv2%2Fmedia&parent=357"}],"wp:term":[{"taxonomy":"category","embeddable":true,"href":"https:\/\/theatreinprogress.ch\/index.php?rest_route=%2Fwp%2Fv2%2Fcategories&post=357"},{"taxonomy":"post_tag","embeddable":true,"href":"https:\/\/theatreinprogress.ch\/index.php?rest_route=%2Fwp%2Fv2%2Ftags&post=357"}],"curies":[{"name":"wp","href":"https:\/\/api.w.org\/{rel}","templated":true}]}}