{"id":364,"date":"2018-01-20T18:59:22","date_gmt":"2018-01-20T16:59:22","guid":{"rendered":"http:\/\/theatreinprogress.ch\/?p=364"},"modified":"2020-06-01T17:37:49","modified_gmt":"2020-06-01T15:37:49","slug":"livre-metteur-en-scene-table-ronde-au-theatre-de-vidy","status":"publish","type":"post","link":"https:\/\/theatreinprogress.ch\/?p=364","title":{"rendered":"Livre \u00ab\u00a0Metteur en sc\u00e8ne\u00a0\u00bb &#8211; Table ronde au Th\u00e9\u00e2tre de Vidy"},"content":{"rendered":"<h5 style=\"text-align: left;\"><span style=\"color: #800000;\"><strong>TABLE RONDE <\/strong><\/span><\/h5>\n<h5 style=\"text-align: left;\"><span style=\"color: #800000;\"><strong>Intitul\u00e9e \u00ab\u00a0Metteur en sc\u00e8ne, cr\u00e9ateur sans limites\u00a0\u00bb<\/strong> <\/span><\/h5>\n<h6 style=\"text-align: left;\">Organis\u00e9e \u00e0 l&rsquo;occasion du vernissage de l&rsquo;ouvrage <em>Metteur en sc\u00e8ne aujourd&rsquo;hui &#8211; identit\u00e9 artistique en question ?<\/em> dirig\u00e9 par Izabella Pluta, en collaboration avec Gabrielle Girot (Presses universitaires de Rennes, Collection Le Spectaculaire, le 19 octobre 2017)<\/h6>\n<h6 style=\"text-align: left;\"><strong><span style=\"color: #008080;\"><span style=\"color: #800000;\">le 26 janvier 2018 \u00e0 18h au Th\u00e9\u00e2tre Vidy Lausanne \u00e0 la Cantina, <\/span><\/span><\/strong><\/h6>\n<h6 style=\"text-align: left;\">avec la participation de :<\/h6>\n<h6 style=\"text-align: left;\"><strong><span style=\"color: #993300;\">Danielle Chaperon<\/span>, <\/strong>Professeure \u00e0 la Section de fran\u00e7ais (Facult\u00e9 des lettres, Unil), sp\u00e9cialis\u00e9e en dramaturgie et relation entre la litt\u00e9rature et la science<\/h6>\n<h6 style=\"text-align: left;\"><strong><span style=\"color: #993300;\">Robert Cantarella<\/span>, <\/strong>Metteur en sc\u00e8ne, acteur, p\u00e9dagogue et responsable de la formation en mise en sc\u00e8ne \u00e0 la Manufacture (sous r\u00e9serve)<\/h6>\n<h6 style=\"text-align: left;\"><strong><span style=\"color: #993300;\">Jean-Fran\u00e7ois Peyret<\/span>, <\/strong>Auteur, metteur en sc\u00e8ne et directeur de la Compagnie tf2<\/h6>\n<h6 style=\"text-align: left;\"><span style=\"color: #993300;\"><strong>Izabella Pluta<\/strong><\/span><strong>, <\/strong>Docteure \u00e8s lettres, critique de th\u00e9\u00e2tre, traductrice et chercheuse associ\u00e9e au Laboratoire de cultures et humanit\u00e9s digitales (UNIL)<\/h6>\n<h6 style=\"text-align: left;\"><strong><span style=\"color: #993300;\">Claire de Ribaupierre<\/span>, <\/strong>Docteure \u00e8s lettres, enseignante \u00e0 la Manufacture et \u00e0 la Haute \u00e9cole d\u2019Art et de design de Gen\u00e8ve, dramaturge et performeuse dans les cr\u00e9ations de Massimo Furlan<\/h6>\n<h6 style=\"text-align: left;\">Mod\u00e9ration: <strong><span style=\"color: #993300;\">Eric Vautrin<\/span>,\u00a0 <\/strong>Chercheur en \u00e9tudes th\u00e9\u00e2trales, directeur de la communication et dramaturge au Th\u00e9\u00e2tre de Vidy.<\/h6>\n<h6><strong>Rencontre sera suivie d&rsquo;un ap\u00e9ritif. Possibilit\u00e9 d&rsquo;acheter le livre au Th\u00e9\u00e2tre de Vidy. <\/strong><\/h6>\n<h6>La table ronde est organis\u00e9e en collaboration avec le Th\u00e9\u00e2tre de Vidy, l&rsquo;Universit\u00e9 de Lausanne, les Teintureries \u00c9cole de th\u00e9\u00e2tre et l\u2019association <em>Theatre in Progress. <\/em>Nous leur remercions de leur aide.<em><br \/>\n<\/em><\/h6>\n<h6>Entr\u00e9e libre, inscription conseill\u00e9e \u00e0 l\u2019adresse : <a href=\"mailto:theatreinprogress.ouvrages@gmail.com\">theatreinprogress.ouvrages@gmail.com<\/a><\/h6>\n<h6>La publication du livre a \u00e9t\u00e9 soutenue par le Fonds des publications (UNIL) et LIRA &#8211; Laboratoire International de Recherches en Arts &#8211; EA 7343 (Universit\u00e9 Sorbonne Nouvelle Paris 3).<\/h6>\n<h6>voir le flyer ici\u00a0\u00a0<a href=\"https:\/\/theatreinprogress.ch\/wp-content\/uploads\/2018\/01\/Table-ronde_Vidy_26.01.2018_Ver_2.pdf\">Table ronde_Vidy_26.01.2018<\/a><\/h6>\n","protected":false},"excerpt":{"rendered":"<p>TABLE RONDE Intitul\u00e9e \u00ab\u00a0Metteur en sc\u00e8ne, cr\u00e9ateur sans limites\u00a0\u00bb Organis\u00e9e \u00e0 l&rsquo;occasion du vernissage de l&rsquo;ouvrage Metteur en sc\u00e8ne aujourd&rsquo;hui &#8211; identit\u00e9 artistique en question ? dirig\u00e9 par Izabella Pluta, en collaboration avec Gabrielle Girot (Presses universitaires de Rennes, Collection Le Spectaculaire, le 19 octobre 2017) le 26 janvier 2018 \u00e0 18h au Th\u00e9\u00e2tre Vidy&hellip; <\/p>\n<p class=\"toivo-read-more\"><a href=\"https:\/\/theatreinprogress.ch\/?p=364\" class=\"more-link\">Lire la suite <span class=\"screen-reader-text\">de<\/span> <span class=\"screen-reader-text\">Livre \u00ab\u00a0Metteur en sc\u00e8ne\u00a0\u00bb &#8211; Table ronde au Th\u00e9\u00e2tre de Vidy<\/span><\/a><\/p>\n","protected":false},"author":1,"featured_media":297,"comment_status":"open","ping_status":"open","sticky":false,"template":"","format":"standard","meta":[],"categories":[1],"tags":[52,53,51,54,55,56,57],"_links":{"self":[{"href":"https:\/\/theatreinprogress.ch\/index.php?rest_route=\/wp\/v2\/posts\/364"}],"collection":[{"href":"https:\/\/theatreinprogress.ch\/index.php?rest_route=\/wp\/v2\/posts"}],"about":[{"href":"https:\/\/theatreinprogress.ch\/index.php?rest_route=\/wp\/v2\/types\/post"}],"author":[{"embeddable":true,"href":"https:\/\/theatreinprogress.ch\/index.php?rest_route=\/wp\/v2\/users\/1"}],"replies":[{"embeddable":true,"href":"https:\/\/theatreinprogress.ch\/index.php?rest_route=%2Fwp%2Fv2%2Fcomments&post=364"}],"version-history":[{"count":15,"href":"https:\/\/theatreinprogress.ch\/index.php?rest_route=\/wp\/v2\/posts\/364\/revisions"}],"predecessor-version":[{"id":805,"href":"https:\/\/theatreinprogress.ch\/index.php?rest_route=\/wp\/v2\/posts\/364\/revisions\/805"}],"wp:featuredmedia":[{"embeddable":true,"href":"https:\/\/theatreinprogress.ch\/index.php?rest_route=\/wp\/v2\/media\/297"}],"wp:attachment":[{"href":"https:\/\/theatreinprogress.ch\/index.php?rest_route=%2Fwp%2Fv2%2Fmedia&parent=364"}],"wp:term":[{"taxonomy":"category","embeddable":true,"href":"https:\/\/theatreinprogress.ch\/index.php?rest_route=%2Fwp%2Fv2%2Fcategories&post=364"},{"taxonomy":"post_tag","embeddable":true,"href":"https:\/\/theatreinprogress.ch\/index.php?rest_route=%2Fwp%2Fv2%2Ftags&post=364"}],"curies":[{"name":"wp","href":"https:\/\/api.w.org\/{rel}","templated":true}]}}