{"id":399,"date":"2018-04-19T14:57:15","date_gmt":"2018-04-19T12:57:15","guid":{"rendered":"http:\/\/theatreinprogress.ch\/?p=399"},"modified":"2020-08-25T11:55:40","modified_gmt":"2020-08-25T09:55:40","slug":"vernissage-au-theatre-de-vidy","status":"publish","type":"post","link":"https:\/\/theatreinprogress.ch\/?p=399","title":{"rendered":"Vernissage au Th\u00e9\u00e2tre de Vidy"},"content":{"rendered":"<p>Le 26 janvier 2018 \u00e0 18h a eu lieu le vernissage du livre \u00ab\u00a0Metteur en sc\u00e8ne aujourd&rsquo;hui &#8211; identit\u00e9 artistique en question?\u00a0\u00bb dirig\u00e9 par Izabella Pluta, en collaboration avec Gabrielle Girot, publi\u00e9 aux Presses universitaires de Rennes.<\/p>\n<p>A cette occasion nous avons propos\u00e9 une tab<a href=\"https:\/\/theatreinprogress.ch\/wp-content\/uploads\/2017\/10\/Livre.jpg\"><img loading=\"lazy\" class=\"alignright wp-image-324\" src=\"https:\/\/theatreinprogress.ch\/wp-content\/uploads\/2017\/10\/Livre-243x300.jpg\" alt=\"\" width=\"183\" height=\"226\" srcset=\"https:\/\/theatreinprogress.ch\/wp-content\/uploads\/2017\/10\/Livre-243x300.jpg 243w, https:\/\/theatreinprogress.ch\/wp-content\/uploads\/2017\/10\/Livre.jpg 607w\" sizes=\"(max-width: 183px) 100vw, 183px\" \/><\/a>le ronde intitul\u00e9e \u00ab\u00a0Metteur en sc\u00e8ne, cr\u00e9ateur sans limites\u00a0\u00bb avec la participation de Mme Danielle Chaperon, M. Jean-Fran\u00e7ois Peyret, Mme Claire de Ribaupierre et Mme Izabella Pluta, anim\u00e9e par M. Eric Vautrin. La rencontre \u00e9tait organis\u00e9e en collaboration avec Th\u00e9\u00e2tre de Vidy, l&rsquo;Universit\u00e9 de Lausanne &#8211; Section du fran\u00e7ais et Teintureries Ecole de th\u00e9\u00e2tre et Theatre in Progress. Voici quelques photos de cette rencontre:<\/p>\n<p>Sur la photo: Danielle Chaperon, Claire de Ribaupierre, Jean-Fran\u00e7ois Peyret, Izabella Pluta et Eric Vautrin (debout). Phot. C. Beyeler\u00a9<\/p>\n<p><a href=\"https:\/\/theatreinprogress.ch\/wp-content\/uploads\/2018\/04\/2018-01-26-18.04.36.jpg\"><img loading=\"lazy\" class=\"wp-image-401 aligncenter\" src=\"https:\/\/theatreinprogress.ch\/wp-content\/uploads\/2018\/04\/2018-01-26-18.04.36-300x225.jpg\" alt=\"\" width=\"340\" height=\"255\" srcset=\"https:\/\/theatreinprogress.ch\/wp-content\/uploads\/2018\/04\/2018-01-26-18.04.36-300x225.jpg 300w, https:\/\/theatreinprogress.ch\/wp-content\/uploads\/2018\/04\/2018-01-26-18.04.36-768x576.jpg 768w, https:\/\/theatreinprogress.ch\/wp-content\/uploads\/2018\/04\/2018-01-26-18.04.36-1024x768.jpg 1024w, https:\/\/theatreinprogress.ch\/wp-content\/uploads\/2018\/04\/2018-01-26-18.04.36-1260x945.jpg 1260w\" sizes=\"(max-width: 340px) 100vw, 340px\" \/><\/a><\/p>\n<h6><a href=\"https:\/\/theatreinprogress.ch\/wp-content\/uploads\/2018\/04\/2018-01-26-18.45.04.jpg\"><img loading=\"lazy\" class=\"wp-image-408 alignleft\" src=\"https:\/\/theatreinprogress.ch\/wp-content\/uploads\/2018\/04\/2018-01-26-18.45.04-225x300.jpg\" alt=\"\" width=\"206\" height=\"275\" srcset=\"https:\/\/theatreinprogress.ch\/wp-content\/uploads\/2018\/04\/2018-01-26-18.45.04-225x300.jpg 225w, https:\/\/theatreinprogress.ch\/wp-content\/uploads\/2018\/04\/2018-01-26-18.45.04-768x1024.jpg 768w, https:\/\/theatreinprogress.ch\/wp-content\/uploads\/2018\/04\/2018-01-26-18.45.04-1260x1680.jpg 1260w\" sizes=\"(max-width: 206px) 100vw, 206px\" \/><\/a><a href=\"https:\/\/theatreinprogress.ch\/wp-content\/uploads\/2018\/04\/2018-01-26-18.13.02.jpg\"><img loading=\"lazy\" class=\" wp-image-405 alignleft\" src=\"https:\/\/theatreinprogress.ch\/wp-content\/uploads\/2018\/04\/2018-01-26-18.13.02-225x300.jpg\" alt=\"\" width=\"207\" height=\"276\" srcset=\"https:\/\/theatreinprogress.ch\/wp-content\/uploads\/2018\/04\/2018-01-26-18.13.02-225x300.jpg 225w, https:\/\/theatreinprogress.ch\/wp-content\/uploads\/2018\/04\/2018-01-26-18.13.02-768x1024.jpg 768w, https:\/\/theatreinprogress.ch\/wp-content\/uploads\/2018\/04\/2018-01-26-18.13.02-1260x1680.jpg 1260w\" sizes=\"(max-width: 207px) 100vw, 207px\" \/><\/a><img loading=\"lazy\" class=\" wp-image-406 alignnone\" src=\"https:\/\/theatreinprogress.ch\/wp-content\/uploads\/2018\/04\/2018-01-26-18.23.34-225x300.jpg\" alt=\"\" width=\"205\" height=\"273\" srcset=\"https:\/\/theatreinprogress.ch\/wp-content\/uploads\/2018\/04\/2018-01-26-18.23.34-225x300.jpg 225w, https:\/\/theatreinprogress.ch\/wp-content\/uploads\/2018\/04\/2018-01-26-18.23.34-768x1024.jpg 768w, https:\/\/theatreinprogress.ch\/wp-content\/uploads\/2018\/04\/2018-01-26-18.23.34-1260x1680.jpg 1260w\" sizes=\"(max-width: 205px) 100vw, 205px\" \/><a href=\"https:\/\/theatreinprogress.ch\/wp-content\/uploads\/2018\/04\/2018-01-26-18.32.38.jpg\"><img loading=\"lazy\" class=\"wp-image-407 alignleft\" src=\"https:\/\/theatreinprogress.ch\/wp-content\/uploads\/2018\/04\/2018-01-26-18.32.38-225x300.jpg\" alt=\"\" width=\"205\" height=\"273\" srcset=\"https:\/\/theatreinprogress.ch\/wp-content\/uploads\/2018\/04\/2018-01-26-18.32.38-225x300.jpg 225w, https:\/\/theatreinprogress.ch\/wp-content\/uploads\/2018\/04\/2018-01-26-18.32.38-768x1024.jpg 768w, https:\/\/theatreinprogress.ch\/wp-content\/uploads\/2018\/04\/2018-01-26-18.32.38-1260x1680.jpg 1260w\" sizes=\"(max-width: 205px) 100vw, 205px\" \/><\/a><\/h6>\n","protected":false},"excerpt":{"rendered":"<p>Le 26 janvier 2018 \u00e0 18h a eu lieu le vernissage du livre \u00ab\u00a0Metteur en sc\u00e8ne aujourd&rsquo;hui &#8211; identit\u00e9 artistique en question?\u00a0\u00bb dirig\u00e9 par Izabella Pluta, en collaboration avec Gabrielle Girot, publi\u00e9 aux Presses universitaires de Rennes. A cette occasion nous avons propos\u00e9 une table ronde intitul\u00e9e \u00ab\u00a0Metteur en sc\u00e8ne, cr\u00e9ateur sans limites\u00a0\u00bb avec la&hellip; <\/p>\n<p class=\"toivo-read-more\"><a href=\"https:\/\/theatreinprogress.ch\/?p=399\" class=\"more-link\">Lire la suite <span class=\"screen-reader-text\">de<\/span> <span class=\"screen-reader-text\">Vernissage au Th\u00e9\u00e2tre de Vidy<\/span><\/a><\/p>\n","protected":false},"author":1,"featured_media":0,"comment_status":"open","ping_status":"open","sticky":false,"template":"","format":"standard","meta":[],"categories":[1],"tags":[58],"_links":{"self":[{"href":"https:\/\/theatreinprogress.ch\/index.php?rest_route=\/wp\/v2\/posts\/399"}],"collection":[{"href":"https:\/\/theatreinprogress.ch\/index.php?rest_route=\/wp\/v2\/posts"}],"about":[{"href":"https:\/\/theatreinprogress.ch\/index.php?rest_route=\/wp\/v2\/types\/post"}],"author":[{"embeddable":true,"href":"https:\/\/theatreinprogress.ch\/index.php?rest_route=\/wp\/v2\/users\/1"}],"replies":[{"embeddable":true,"href":"https:\/\/theatreinprogress.ch\/index.php?rest_route=%2Fwp%2Fv2%2Fcomments&post=399"}],"version-history":[{"count":6,"href":"https:\/\/theatreinprogress.ch\/index.php?rest_route=\/wp\/v2\/posts\/399\/revisions"}],"predecessor-version":[{"id":1055,"href":"https:\/\/theatreinprogress.ch\/index.php?rest_route=\/wp\/v2\/posts\/399\/revisions\/1055"}],"wp:attachment":[{"href":"https:\/\/theatreinprogress.ch\/index.php?rest_route=%2Fwp%2Fv2%2Fmedia&parent=399"}],"wp:term":[{"taxonomy":"category","embeddable":true,"href":"https:\/\/theatreinprogress.ch\/index.php?rest_route=%2Fwp%2Fv2%2Fcategories&post=399"},{"taxonomy":"post_tag","embeddable":true,"href":"https:\/\/theatreinprogress.ch\/index.php?rest_route=%2Fwp%2Fv2%2Ftags&post=399"}],"curies":[{"name":"wp","href":"https:\/\/api.w.org\/{rel}","templated":true}]}}