{"id":556,"date":"2019-05-04T11:58:28","date_gmt":"2019-05-04T09:58:28","guid":{"rendered":"http:\/\/theatreinprogress.ch\/?p=556"},"modified":"2020-08-25T11:54:47","modified_gmt":"2020-08-25T09:54:47","slug":"nouvelle-parution-salle-dattente-de-krystian-lupa","status":"publish","type":"post","link":"https:\/\/theatreinprogress.ch\/?p=556","title":{"rendered":"Nouvelle parution \u00ab\u00a0Salle d&rsquo;attente de Krystian Lupa"},"content":{"rendered":"\n<p> <br>Livre collectif <em><strong>&lsquo;Salle d&rsquo;attente&rsquo; de Krystian Lupa. Cr\u00e9ation et transmission<\/strong><\/em>,  dir. par Izabella PLUTA, pr\u00e9face de Georges BANU, \u00c9ditions Antipodes,  Collection M\u00e9dias et histoire, livre augment\u00e9 (ouvrage imprim\u00e9 accompagn\u00e9  par la vid\u00e9o), paru le 30 avril 2019 <\/p>\n\n\n\n<p>La publication a \u00e9t\u00e9 soutenue par&nbsp;: la Fondation Jan Michalski, la Soci\u00e9t\u00e9 Acad\u00e9mique Vaudoise, la Fondation Me J.\u2013J. van Walsem pro Universitatae, la Translation Poland, l\u2019Association Theatre in Progress.<\/p>\n\n\n\n<p class=\"has-background\" style=\"background-color:#f7eaff\"><em>Georges Banu : \u00ab Le projet captive d&#8217;embl\u00e9e par son originalit\u00e9 car il s&rsquo;agit d&rsquo;un ensemble de t\u00e9moignages qui suivent le travail du d\u00e9but &#8211; l&rsquo;origine &#8211; en passant par les \u00e9tapes suivantes &#8211; traduction, dramaturgie &#8211; et les r\u00e9cits de l&rsquo;exp\u00e9rience. L&rsquo;organisation du livre se distingue par son architecture \u00e0 m\u00eame de d\u00e9gager la sp\u00e9cificit\u00e9 de l&rsquo;approche de Lupa \u00bb (Professeur \u00e9m\u00e9rite, Universit\u00e9 de la Sorbonne Nouvelle Paris 3, extrait de l&rsquo;expertise du livre)<\/em><\/p>\n\n\n\n<p>Ce livre compos\u00e9 de\ndivers t\u00e9moignages et textes critiques d\u00e9voile les \u00e9tapes de la cr\u00e9ation de la\npi\u00e8ce embl\u00e9matique de Krystian Lupa, <em>Salle\nd\u2019attente<\/em>. La premi\u00e8re du spectacle a eu lieu au Th\u00e9\u00e2tre de Vidy \u00e0 Lausanne\nen juin 2011, avec la participation de jeunes com\u00e9diens de trois \u00e9coles de\nth\u00e9\u00e2tre en Suisse et en France. La particularit\u00e9 de ce travail sc\u00e9nique est\nqu\u2019il devient rapidement non seulement une cr\u00e9ation th\u00e9\u00e2trale, mais \u00e9galement\nun processus de transmission du savoir sur le jeu de l\u2019acteur. Cet\napprentissage et cet enseignement ont lieu en dehors de l\u2019\u00e9cole, \u00e0 vif sur le\nplateau. La pi\u00e8ce, qui s\u2019inspire du texte <em>Cat\u00e9gorie\n3.1<\/em> de Lars Nor\u00e9n, nous fait entrer dans les arcanes d\u2019une double cr\u00e9ation\net met \u00e9galement en lumi\u00e8re l\u2019impressionnante m\u00e9tamorphose des com\u00e9diens. En\neffet, la troupe est amen\u00e9e \u00e0 un v\u00e9ritable examen de l\u2019exigeant travail\ncr\u00e9atif&nbsp;; une cr\u00e9ation qui confronte le com\u00e9dien \u00e0 lui-m\u00eame, tout en\nrestant confiant en un th\u00e9\u00e2tre qui entre en dialogue avec son spectateur. <\/p>\n\n\n\n<p>L\u2019ouvrage se\ncompose de vingt textes \u00e9crits par les artistes de cette \u00e9quipe de cr\u00e9ation\n(assistant \u00e0 la mise en sc\u00e8ne, com\u00e9diens, interpr\u00e8tes, metteur en sc\u00e8ne) et\nquelques critiques et sp\u00e9cialistes en th\u00e9\u00e2tre. Ce <em>livre augment\u00e9<\/em> est accompagn\u00e9 par onze photos prises par E.\nCarecchio, un dessin original de K. Lupa et par des mat\u00e9riaux vid\u00e9o de 30 min.\ntourn\u00e9s par J.-L. Marchina. <\/p>\n\n\n\n<p><strong>Auteurs : <\/strong><\/p>\n\n\n\n<p>Georges Banu, Audrey Cavelius, Claire Deutsch, Thibaut Evrard, Kajetana Fidler Jaccottet, Beata Guczalska, Krystian LUPA, Mariola Odzimkowska, Piotr Olkusz, Izabella Pluta, Lola Riccaboni, Alexandre Ruby, Jean-Yves Ruf, Fran\u00e7ois Rosset, Piotr Skiba, Jean-Pierre Thibaudat, Waldemar Wasztyl.<\/p>\n\n\n\n<p><br><\/p>\n\n\n\n<p><\/p>\n","protected":false},"excerpt":{"rendered":"<p>Livre collectif &lsquo;Salle d&rsquo;attente&rsquo; de Krystian Lupa. Cr\u00e9ation et transmission, dir. par Izabella PLUTA, pr\u00e9face de Georges BANU, \u00c9ditions Antipodes, Collection M\u00e9dias et histoire, livre augment\u00e9 (ouvrage imprim\u00e9 accompagn\u00e9 par la vid\u00e9o), paru le 30 avril 2019 La publication a \u00e9t\u00e9 soutenue par&nbsp;: la Fondation Jan Michalski, la Soci\u00e9t\u00e9 Acad\u00e9mique Vaudoise, la Fondation Me J.\u2013J.&hellip; <\/p>\n<p class=\"toivo-read-more\"><a href=\"https:\/\/theatreinprogress.ch\/?p=556\" class=\"more-link\">Lire la suite <span class=\"screen-reader-text\">de<\/span> <span class=\"screen-reader-text\">Nouvelle parution \u00ab\u00a0Salle d&rsquo;attente de Krystian Lupa<\/span><\/a><\/p>\n","protected":false},"author":1,"featured_media":557,"comment_status":"open","ping_status":"open","sticky":false,"template":"","format":"standard","meta":[],"categories":[1],"tags":[81,79,82,83,80,84],"_links":{"self":[{"href":"https:\/\/theatreinprogress.ch\/index.php?rest_route=\/wp\/v2\/posts\/556"}],"collection":[{"href":"https:\/\/theatreinprogress.ch\/index.php?rest_route=\/wp\/v2\/posts"}],"about":[{"href":"https:\/\/theatreinprogress.ch\/index.php?rest_route=\/wp\/v2\/types\/post"}],"author":[{"embeddable":true,"href":"https:\/\/theatreinprogress.ch\/index.php?rest_route=\/wp\/v2\/users\/1"}],"replies":[{"embeddable":true,"href":"https:\/\/theatreinprogress.ch\/index.php?rest_route=%2Fwp%2Fv2%2Fcomments&post=556"}],"version-history":[{"count":6,"href":"https:\/\/theatreinprogress.ch\/index.php?rest_route=\/wp\/v2\/posts\/556\/revisions"}],"predecessor-version":[{"id":1054,"href":"https:\/\/theatreinprogress.ch\/index.php?rest_route=\/wp\/v2\/posts\/556\/revisions\/1054"}],"wp:featuredmedia":[{"embeddable":true,"href":"https:\/\/theatreinprogress.ch\/index.php?rest_route=\/wp\/v2\/media\/557"}],"wp:attachment":[{"href":"https:\/\/theatreinprogress.ch\/index.php?rest_route=%2Fwp%2Fv2%2Fmedia&parent=556"}],"wp:term":[{"taxonomy":"category","embeddable":true,"href":"https:\/\/theatreinprogress.ch\/index.php?rest_route=%2Fwp%2Fv2%2Fcategories&post=556"},{"taxonomy":"post_tag","embeddable":true,"href":"https:\/\/theatreinprogress.ch\/index.php?rest_route=%2Fwp%2Fv2%2Ftags&post=556"}],"curies":[{"name":"wp","href":"https:\/\/api.w.org\/{rel}","templated":true}]}}