{"id":563,"date":"2019-05-04T13:52:20","date_gmt":"2019-05-04T11:52:20","guid":{"rendered":"http:\/\/theatreinprogress.ch\/?p=563"},"modified":"2020-08-25T11:54:14","modified_gmt":"2020-08-25T09:54:14","slug":"salle-dattentede-k-lupa-au-salon-du-livre","status":"publish","type":"post","link":"https:\/\/theatreinprogress.ch\/?p=563","title":{"rendered":"\u00ab\u00a0Salle d&rsquo;attente\u00a0\u00bbde K. Lupa au Salon du livre"},"content":{"rendered":"\n<p class=\"has-text-color\" style=\"color:#0b76b3\"><strong>dimanche 5 mai, 14h30<\/strong><br>Table ronde. Social en lecture \u2014 \u00abBouillon de culture\u00bb: autour de Krystian Lupa et du hardcore<br><\/p>\n\n\n\n<figure class=\"wp-block-image\"><img loading=\"lazy\" width=\"1024\" height=\"768\" src=\"https:\/\/theatreinprogress.ch\/wp-content\/uploads\/2019\/05\/2019-05-05-14.40.25-1024x768.jpg\" alt=\"Table ronde\" class=\"wp-image-567\" srcset=\"https:\/\/theatreinprogress.ch\/wp-content\/uploads\/2019\/05\/2019-05-05-14.40.25-1024x768.jpg 1024w, https:\/\/theatreinprogress.ch\/wp-content\/uploads\/2019\/05\/2019-05-05-14.40.25-300x225.jpg 300w, https:\/\/theatreinprogress.ch\/wp-content\/uploads\/2019\/05\/2019-05-05-14.40.25-768x576.jpg 768w, https:\/\/theatreinprogress.ch\/wp-content\/uploads\/2019\/05\/2019-05-05-14.40.25-1260x945.jpg 1260w\" sizes=\"(max-width: 1024px) 100vw, 1024px\" \/><figcaption>Salon du Livre de Gen\u00e8ve. Table ronde avec Izabella Pluta (Antipodes) et Alain Mueller (Seismo), anim\u00e9e par Elisabeth Chardon. Le 5 mai 2019, 14h30. Phot. Claude Beyeler\u00a9 <\/figcaption><\/figure>\n\n\n\n<p>Le metteur en sc\u00e8ne polonais Krystian Lupa est une figure du th\u00e9\u00e2tre contemporain. Un livre permet aujourd\u2019hui de vivre de l\u2019int\u00e9rieur la fabrique d\u2019un de ses spectacles, Salle d\u2019attente, cr\u00e9\u00e9 en 2011 au Th\u00e9\u00e2tre Vidy-Lausanne. <\/p>\n\n\n\n<p>Ethnographier le monde du hardcore, de la Suisse au Japon, c\u2019est ce qu\u2019a fait un anthropologue pour son doctorat.<br>Lecture: un extrait de S\u00e9bastien Meier, \u00ab La place \u00e0 d\u2019autres \u00bb, La Couleur des jours 23.<br>Table ronde avec la participation d&rsquo;Izabella Pluta et Alain Mueller, mod\u00e9ration: \u00c9lisabeth Chardon, <\/p>\n\n\n\n<p>voir: <a href=\"https:\/\/salondulivre.ch\/les-auteurs\/?idf=null&amp;id=692\">https:\/\/salondulivre.ch\/les-auteurs\/?idf=null&amp;id=692<\/a><\/p>\n","protected":false},"excerpt":{"rendered":"<p>dimanche 5 mai, 14h30Table ronde. Social en lecture \u2014 \u00abBouillon de culture\u00bb: autour de Krystian Lupa et du hardcore Le metteur en sc\u00e8ne polonais Krystian Lupa est une figure du th\u00e9\u00e2tre contemporain. Un livre permet aujourd\u2019hui de vivre de l\u2019int\u00e9rieur la fabrique d\u2019un de ses spectacles, Salle d\u2019attente, cr\u00e9\u00e9 en 2011 au Th\u00e9\u00e2tre Vidy-Lausanne. Ethnographier&hellip; <\/p>\n<p class=\"toivo-read-more\"><a href=\"https:\/\/theatreinprogress.ch\/?p=563\" class=\"more-link\">Lire la suite <span class=\"screen-reader-text\">de<\/span> <span class=\"screen-reader-text\">\u00ab\u00a0Salle d&rsquo;attente\u00a0\u00bbde K. Lupa au Salon du livre<\/span><\/a><\/p>\n","protected":false},"author":1,"featured_media":565,"comment_status":"open","ping_status":"open","sticky":false,"template":"","format":"standard","meta":[],"categories":[1],"tags":[],"_links":{"self":[{"href":"https:\/\/theatreinprogress.ch\/index.php?rest_route=\/wp\/v2\/posts\/563"}],"collection":[{"href":"https:\/\/theatreinprogress.ch\/index.php?rest_route=\/wp\/v2\/posts"}],"about":[{"href":"https:\/\/theatreinprogress.ch\/index.php?rest_route=\/wp\/v2\/types\/post"}],"author":[{"embeddable":true,"href":"https:\/\/theatreinprogress.ch\/index.php?rest_route=\/wp\/v2\/users\/1"}],"replies":[{"embeddable":true,"href":"https:\/\/theatreinprogress.ch\/index.php?rest_route=%2Fwp%2Fv2%2Fcomments&post=563"}],"version-history":[{"count":5,"href":"https:\/\/theatreinprogress.ch\/index.php?rest_route=\/wp\/v2\/posts\/563\/revisions"}],"predecessor-version":[{"id":1053,"href":"https:\/\/theatreinprogress.ch\/index.php?rest_route=\/wp\/v2\/posts\/563\/revisions\/1053"}],"wp:featuredmedia":[{"embeddable":true,"href":"https:\/\/theatreinprogress.ch\/index.php?rest_route=\/wp\/v2\/media\/565"}],"wp:attachment":[{"href":"https:\/\/theatreinprogress.ch\/index.php?rest_route=%2Fwp%2Fv2%2Fmedia&parent=563"}],"wp:term":[{"taxonomy":"category","embeddable":true,"href":"https:\/\/theatreinprogress.ch\/index.php?rest_route=%2Fwp%2Fv2%2Fcategories&post=563"},{"taxonomy":"post_tag","embeddable":true,"href":"https:\/\/theatreinprogress.ch\/index.php?rest_route=%2Fwp%2Fv2%2Ftags&post=563"}],"curies":[{"name":"wp","href":"https:\/\/api.w.org\/{rel}","templated":true}]}}