{"id":582,"date":"2019-10-02T17:07:40","date_gmt":"2019-10-02T15:07:40","guid":{"rendered":"http:\/\/theatreinprogress.ch\/?p=582"},"modified":"2020-08-25T11:53:19","modified_gmt":"2020-08-25T09:53:19","slug":"k-lupa-et-k-warlikowski-au-dela-des-frontieres-debat","status":"publish","type":"post","link":"https:\/\/theatreinprogress.ch\/?p=582","title":{"rendered":"K. Lupa et K. Warlikowski au-del\u00e0 des fronti\u00e8res\/D\u00e9bat"},"content":{"rendered":"\n<p class=\"has-text-color\" style=\"color:#2591c0\"><strong>TABLE RONDE<\/strong><br>21 septembre 2019, 15h-17h, Salle de la Passerelle, Th\u00e9\u00e2tre Vidy Lausanne<br>Dans le cadre du vernissage du livre <em>\u00ab Salle d\u2019attente \u00bb de Krystian Lupa. Cr\u00e9ation et transmission dirig\u00e9 <\/em>par Izabella Pluta (Antipodes, 2019) <\/p>\n\n\n\n<figure class=\"wp-block-image is-resized\"><img loading=\"lazy\" src=\"https:\/\/theatreinprogress.ch\/wp-content\/uploads\/2019\/11\/2019-09-21-15.36.32-1024x768.jpg\" alt=\"table ronde\" class=\"wp-image-616\" width=\"512\" height=\"384\" srcset=\"https:\/\/theatreinprogress.ch\/wp-content\/uploads\/2019\/11\/2019-09-21-15.36.32-1024x768.jpg 1024w, https:\/\/theatreinprogress.ch\/wp-content\/uploads\/2019\/11\/2019-09-21-15.36.32-300x225.jpg 300w, https:\/\/theatreinprogress.ch\/wp-content\/uploads\/2019\/11\/2019-09-21-15.36.32-768x576.jpg 768w, https:\/\/theatreinprogress.ch\/wp-content\/uploads\/2019\/11\/2019-09-21-15.36.32-1260x945.jpg 1260w\" sizes=\"(max-width: 512px) 100vw, 512px\" \/><figcaption>A gauche: Fran\u00e7ois Rosset, Izabella Pluta, Mariola Odzimkowska, Camille Protar, Claire Deutsch. Phot. C. Beyeler\u00a9  <\/figcaption><\/figure>\n\n\n\n<p><strong>INTERVENANT\u00b7E\u00b7S<\/strong><br><strong>Mme Claire Deutsch<\/strong>, com\u00e9dienne<br><strong>Mme Mariola Odzimkowska<\/strong>, chercheuse et interpr\u00e8te (Universit\u00e9 Rennes 2)<br><strong>Mme Izabella Pluta<\/strong>, chercheuse (Universit\u00e9 de Lausanne)<br><strong>Mme Camille Protar<\/strong>, chercheuse et com\u00e9dienne (Universit\u00e9 Paris 3)<br>Mod\u00e9ration par <strong>M. Fran\u00e7ois Rosset<\/strong>, professeur (Universit\u00e9 de Lausanne)<br>Entr\u00e9e gratuite, r\u00e9servation conseill\u00e9e (site du Th\u00e9\u00e2tre de Vidy). Cette rencontre sera suivie d\u2019un ap\u00e9ritif.<br>D\u00e9bat organis\u00e9 par :<br>Th\u00e9\u00e2tre de Vidy, Editions Antipodes, Centre d\u2019\u00e9tudes th\u00e9\u00e2trales (Unil), Theatre in Progress et Ambassade de Pologne en Suisse<\/p>\n","protected":false},"excerpt":{"rendered":"<p>TABLE RONDE21 septembre 2019, 15h-17h, Salle de la Passerelle, Th\u00e9\u00e2tre Vidy LausanneDans le cadre du vernissage du livre \u00ab Salle d\u2019attente \u00bb de Krystian Lupa. Cr\u00e9ation et transmission dirig\u00e9 par Izabella Pluta (Antipodes, 2019) INTERVENANT\u00b7E\u00b7SMme Claire Deutsch, com\u00e9dienneMme Mariola Odzimkowska, chercheuse et interpr\u00e8te (Universit\u00e9 Rennes 2)Mme Izabella Pluta, chercheuse (Universit\u00e9 de Lausanne)Mme Camille Protar, chercheuse&hellip; <\/p>\n<p class=\"toivo-read-more\"><a href=\"https:\/\/theatreinprogress.ch\/?p=582\" class=\"more-link\">Lire la suite <span class=\"screen-reader-text\">de<\/span> <span class=\"screen-reader-text\">K. Lupa et K. Warlikowski au-del\u00e0 des fronti\u00e8res\/D\u00e9bat<\/span><\/a><\/p>\n","protected":false},"author":1,"featured_media":584,"comment_status":"open","ping_status":"open","sticky":false,"template":"","format":"standard","meta":[],"categories":[1],"tags":[98,7,97],"_links":{"self":[{"href":"https:\/\/theatreinprogress.ch\/index.php?rest_route=\/wp\/v2\/posts\/582"}],"collection":[{"href":"https:\/\/theatreinprogress.ch\/index.php?rest_route=\/wp\/v2\/posts"}],"about":[{"href":"https:\/\/theatreinprogress.ch\/index.php?rest_route=\/wp\/v2\/types\/post"}],"author":[{"embeddable":true,"href":"https:\/\/theatreinprogress.ch\/index.php?rest_route=\/wp\/v2\/users\/1"}],"replies":[{"embeddable":true,"href":"https:\/\/theatreinprogress.ch\/index.php?rest_route=%2Fwp%2Fv2%2Fcomments&post=582"}],"version-history":[{"count":6,"href":"https:\/\/theatreinprogress.ch\/index.php?rest_route=\/wp\/v2\/posts\/582\/revisions"}],"predecessor-version":[{"id":1052,"href":"https:\/\/theatreinprogress.ch\/index.php?rest_route=\/wp\/v2\/posts\/582\/revisions\/1052"}],"wp:featuredmedia":[{"embeddable":true,"href":"https:\/\/theatreinprogress.ch\/index.php?rest_route=\/wp\/v2\/media\/584"}],"wp:attachment":[{"href":"https:\/\/theatreinprogress.ch\/index.php?rest_route=%2Fwp%2Fv2%2Fmedia&parent=582"}],"wp:term":[{"taxonomy":"category","embeddable":true,"href":"https:\/\/theatreinprogress.ch\/index.php?rest_route=%2Fwp%2Fv2%2Fcategories&post=582"},{"taxonomy":"post_tag","embeddable":true,"href":"https:\/\/theatreinprogress.ch\/index.php?rest_route=%2Fwp%2Fv2%2Ftags&post=582"}],"curies":[{"name":"wp","href":"https:\/\/api.w.org\/{rel}","templated":true}]}}