{"id":83,"date":"2015-08-27T08:49:26","date_gmt":"2015-08-27T06:49:26","guid":{"rendered":"http:\/\/theatreinprogress.ch\/?p=83"},"modified":"2020-09-04T11:50:45","modified_gmt":"2020-09-04T09:50:45","slug":"projets-realises","status":"publish","type":"post","link":"https:\/\/theatreinprogress.ch\/?p=83","title":{"rendered":"Projets r\u00e9alis\u00e9s"},"content":{"rendered":"<h3><strong>Ouvrage Collectif<\/strong><\/h3>\n<h4><em>&lsquo;<span style=\"color: #800080;\">Salle d\u2019attente <\/span><\/em><span style=\"color: #800080;\">de Krystian Lupa. Cr\u00e9ation et transmission<em>&lsquo;<\/em><\/span><\/h4>\n<p>Direction d\u2019<strong>Izabella Pluta<\/strong><\/p>\n<h4><img loading=\"lazy\" class=\"alignright  wp-image-975\" src=\"https:\/\/theatreinprogress.ch\/wp-content\/uploads\/2020\/08\/pluta_lupa_9782889011261.jpg\" alt=\"\" width=\"277\" height=\"399\" srcset=\"https:\/\/theatreinprogress.ch\/wp-content\/uploads\/2020\/08\/pluta_lupa_9782889011261.jpg 367w, https:\/\/theatreinprogress.ch\/wp-content\/uploads\/2020\/08\/pluta_lupa_9782889011261-208x300.jpg 208w\" sizes=\"(max-width: 277px) 100vw, 277px\" \/><\/h4>\n<p>Pr\u00e9face de <strong>Georges Banu<\/strong>&nbsp; &nbsp; &nbsp;&nbsp;&nbsp;&nbsp;&nbsp;&nbsp;&nbsp;&nbsp;&nbsp;&nbsp;&nbsp;&nbsp;&nbsp;&nbsp;&nbsp;<\/p>\n<p>Chez Antipodes sous forme de livre augment\u00e9 &nbsp; &nbsp; &nbsp; &nbsp;&nbsp;&nbsp;&nbsp;&nbsp;&nbsp;&nbsp;&nbsp;&nbsp;&nbsp;&nbsp;&nbsp;&nbsp;&nbsp;&nbsp;&nbsp;&nbsp;&nbsp;&nbsp;&nbsp;&nbsp;&nbsp;&nbsp;&nbsp; <br>Parution : le 30 avril 2019<\/p>\n<p><strong>Ouvrage publi\u00e9 avec le soutien de :<br><\/strong>La Fondation Jan Michalski, la Soci\u00e9t\u00e9 Acad\u00e9mique Vaudoise, la Fondation Me J.\u2013J. van Walsem pro Universitatae, la Translation Poland.&nbsp;&nbsp; <br>La publication a \u00e9t\u00e9 port\u00e9e par l\u2019Association Theatre in Progress.<\/p>\n<p><strong>Avec des autorisations :<\/strong> <br>Pour les mat\u00e9riaux vid\u00e9o du Th\u00e9\u00e2tre Vidy Lausanne et de J-L. Marchina<\/p>\n<p>&nbsp;<strong>R\u00e9sum\u00e9 :&nbsp; &nbsp;&nbsp;&nbsp;&nbsp;&nbsp;&nbsp;&nbsp;&nbsp;&nbsp;&nbsp;&nbsp;&nbsp;&nbsp;&nbsp;&nbsp;&nbsp;&nbsp;&nbsp;&nbsp;&nbsp;&nbsp;&nbsp;&nbsp;&nbsp;&nbsp;&nbsp;&nbsp;&nbsp;&nbsp;&nbsp;&nbsp;&nbsp;&nbsp;&nbsp;&nbsp;&nbsp;&nbsp;&nbsp;&nbsp;&nbsp;&nbsp;&nbsp;&nbsp;&nbsp;&nbsp;&nbsp;&nbsp;&nbsp;&nbsp;&nbsp;&nbsp;&nbsp;&nbsp;&nbsp;&nbsp;&nbsp;&nbsp;&nbsp;&nbsp;&nbsp;&nbsp;&nbsp;&nbsp;&nbsp;&nbsp;&nbsp;&nbsp;&nbsp;&nbsp;&nbsp;&nbsp;&nbsp;&nbsp;&nbsp;&nbsp;&nbsp;&nbsp;&nbsp;&nbsp;&nbsp;&nbsp;&nbsp;&nbsp;&nbsp;&nbsp;&nbsp;&nbsp;&nbsp;&nbsp;&nbsp;&nbsp;&nbsp;&nbsp;&nbsp;&nbsp;&nbsp;&nbsp;&nbsp;&nbsp;&nbsp;&nbsp;&nbsp;&nbsp;&nbsp;&nbsp;&nbsp; <br><\/strong>Ce livre compos\u00e9 de divers t\u00e9moignages et textes critiques d\u00e9voile les \u00e9tapes de la cr\u00e9ation de la pi\u00e8ce embl\u00e9matique de Krystian Lupa, &lsquo;Salle d\u2019attente&rsquo;. La premi\u00e8re du spectacle a eu lieu au Th\u00e9\u00e2tre de Vidy \u00e0 Lausanne en juin 2011, avec la participation de jeunes com\u00e9diens de trois \u00e9coles de th\u00e9\u00e2tre en Suisse et en France. La particularit\u00e9 de ce travail sc\u00e9nique est qu\u2019il devient rapidement non seulement une cr\u00e9ation th\u00e9\u00e2trale, mais \u00e9galement un processus de transmission du savoir sur le jeu de l\u2019acteur. Cet apprentissage et cet enseignement ont lieu en dehors de l\u2019\u00e9cole, \u00e0 vif sur le plateau. La pi\u00e8ce, qui s\u2019inspire du texte &lsquo;Cat\u00e9gorie 3.1&rsquo; de Lars Nor\u00e9n, nous fait entrer dans les arcanes d\u2019une double cr\u00e9ation et met \u00e9galement en lumi\u00e8re l\u2019impressionnante m\u00e9tamorphose des com\u00e9diens. En effet, la troupe est amen\u00e9e \u00e0 un v\u00e9ritable examen de l\u2019exigeant travail cr\u00e9atif. L\u2019ouvrage se compose de vingt textes \u00e9crits par les artistes de cette \u00e9quipe de cr\u00e9ation (assistant \u00e0 la mise en sc\u00e8ne, com\u00e9diens, interpr\u00e8tes, metteur en sc\u00e8ne) et quelques critiques et sp\u00e9cialistes en th\u00e9\u00e2tre. Ce livre augment\u00e9 est accompagn\u00e9 par onze photos prises par E. Carecchio, un dessin original de K. Lupa et par des mat\u00e9riaux vid\u00e9o de 30 min. tourn\u00e9s par J.-L. Marchina.<\/p>\n<p><strong>Auteurs :&nbsp;&nbsp;&nbsp;&nbsp;&nbsp;&nbsp;&nbsp;&nbsp;&nbsp;&nbsp;&nbsp;&nbsp;&nbsp;&nbsp;&nbsp;&nbsp;&nbsp;&nbsp;&nbsp;&nbsp;&nbsp;&nbsp;&nbsp;&nbsp;&nbsp;&nbsp;&nbsp;&nbsp;&nbsp;&nbsp;&nbsp;&nbsp;&nbsp;&nbsp;&nbsp;&nbsp;&nbsp;&nbsp;&nbsp;&nbsp;&nbsp;&nbsp;&nbsp;&nbsp;&nbsp;&nbsp;&nbsp;&nbsp;&nbsp;&nbsp;&nbsp;&nbsp;&nbsp;&nbsp;&nbsp;&nbsp;&nbsp;&nbsp;&nbsp;&nbsp;&nbsp;&nbsp;&nbsp;&nbsp;&nbsp;&nbsp;&nbsp;&nbsp;&nbsp;&nbsp;&nbsp;&nbsp;&nbsp;&nbsp;&nbsp;&nbsp;&nbsp;&nbsp;&nbsp;&nbsp;&nbsp;&nbsp;&nbsp;&nbsp;&nbsp;&nbsp;&nbsp;&nbsp;&nbsp;&nbsp;&nbsp;&nbsp;&nbsp;&nbsp;&nbsp;&nbsp;&nbsp;&nbsp;&nbsp;&nbsp;&nbsp;&nbsp; <br><\/strong>Georges Banu, Audrey Cavelius, Claire Deutsch, Thibaut Evrard, Kajetana Fidler Jaccottet, Beata Guczalska, Krystian LUPA, Mariola Odzimkowska, Piotr Olkusz, Izabella Pluta, Lola Riccaboni, Alexandre Ruby, Jean-Yves Ruf, Fran\u00e7ois Rosset, Piotr Skiba, Jean-Pierre Thibaudat, Waldemar Wasztyl.<\/p>\n<p style=\"text-align: center;\"><a href=\"https:\/\/theatreinprogress.ch\/wp-content\/uploads\/2020\/08\/Pluta_Sommaire.pdf\">&gt;&gt;Sommaire de l&rsquo;ouvrage&lt;&lt;&lt;<\/a><\/p>\n<p><strong>Quelques extraits d&rsquo;expertises :<\/strong><\/p>\n<blockquote>\n<p><strong>Georges Banu<\/strong> : \u00ab <em>Le projet captive d&#8217;embl\u00e9e par son originalit\u00e9 car il s&rsquo;agit d&rsquo;un ensemble de t\u00e9moignages qui suivent le travail du d\u00e9but &#8211; l&rsquo;origine &#8211; en passant par les \u00e9tapes suivantes &#8211; traduction, dramaturgie &#8211; et les r\u00e9cits de l&rsquo;exp\u00e9rience. L&rsquo;organisation du livre se distingue par son architecture \u00e0 m\u00eame de d\u00e9gager la sp\u00e9cificit\u00e9 de l&rsquo;approche de Lupa<\/em> \u00bb.<br>(Professeur \u00e9m\u00e9rite, Universit\u00e9 de la Sorbonne Nouvelle, Paris 3)<\/p>\n<p><strong>Bernadette Bost<\/strong> : \u00ab <em>L\u2019ouvrage dirig\u00e9 par Izabella Pluta est riche en t\u00e9moignages de premi\u00e8re main (entretiens avec Lupa lui-m\u00eame et certains de ses acteurs ou autres collaborateurs) mais contient aussi des r\u00e9flexions critiques t\u00e9moignant de regards universitaires et journalistiques sur l\u2019ensemble de l\u2019\u0153uvre de Lupa ou un spectacle particulier \u00bb.<\/em> <br>(Professeure \u00e9m\u00e9rite, Universit\u00e9 Lyon 2)<\/p>\n<p style=\"text-align: left;\"><strong>Christian Biet<\/strong> : \u00ab<em> [\u2026] l\u2019ouvrage est tr\u00e8s int\u00e9ressant : il t\u00e9moigne bien de son objet, autrement dit de l&rsquo;exp\u00e9rience d&rsquo;un spectacle \u00e0 travers celle de ses acteurs pris dans le processus (ce sont les 2 premi\u00e8res parties). [Il] fournit quelques textes polonais n\u00e9cessaires \u00e0 une approche de Lupa en France (en particulier les textes cit\u00e9s par bribes, les entretiens avec Lupa et Skiba, et le texte d&rsquo;Olkusz de la 3e partie)<\/em> \u00bb <br>(Professeur, Universit\u00e9 Paris Ouest-Nanterre)<\/p>\n<\/blockquote>\n<p style=\"text-align: center;\"><span style=\"color: #ff0000;\"><a href=\"https:\/\/theatreinprogress.ch\/wp-content\/uploads\/2020\/08\/Expertises_Toutes-1.pdf\">Voir l&rsquo;ensemble des expertises<\/a><\/span><\/p>\n<p style=\"text-align: center;\"><a href=\"https:\/\/theatreinprogress.ch\/wp-content\/uploads\/2015\/08\/Ouvrage_Salle-dattente_Feuille_COM_juillet_2019-.pdf\">&gt;&gt;Feuille de communication&lt;&lt;&lt;<\/a><\/p>\n<p><strong>Vie de l&rsquo;ouvrage :<\/strong><\/p>\n<ul>\n<li><em><strong><img loading=\"lazy\" class=\"wp-image-567 alignright\" src=\"https:\/\/theatreinprogress.ch\/wp-content\/uploads\/2019\/05\/2019-05-05-14.40.25-300x225.jpg\" alt=\"Table ronde\" width=\"156\" height=\"117\" srcset=\"https:\/\/theatreinprogress.ch\/wp-content\/uploads\/2019\/05\/2019-05-05-14.40.25-300x225.jpg 300w, https:\/\/theatreinprogress.ch\/wp-content\/uploads\/2019\/05\/2019-05-05-14.40.25-768x576.jpg 768w, https:\/\/theatreinprogress.ch\/wp-content\/uploads\/2019\/05\/2019-05-05-14.40.25-1024x768.jpg 1024w, https:\/\/theatreinprogress.ch\/wp-content\/uploads\/2019\/05\/2019-05-05-14.40.25-1260x945.jpg 1260w\" sizes=\"(max-width: 156px) 100vw, 156px\" \/><\/strong>5 mai 2019<\/em> : Pr\u00e9sentation du Livre et table ronde \u00ab\u00a0\u00abBouillon de culture\u00bb: autour de Krystian Lupa et du hardcore\u00a0\u00bb \u00e0 l&rsquo;occasion du Salon du livre de Gen\u00e8ve. <a href=\"https:\/\/theatreinprogress.ch\/?p=563\">En savoir plus<\/a>&nbsp;&nbsp;<\/li>\n<li><em>21 Septembre 2019<\/em> : Vernissage et table ronde \u00ab Cr\u00e9er dans l\u2019espace <img loading=\"lazy\" class=\" wp-image-616 alignright\" src=\"https:\/\/theatreinprogress.ch\/wp-content\/uploads\/2019\/11\/2019-09-21-15.36.32-300x225.jpg\" alt=\"table ronde\" width=\"156\" height=\"117\" srcset=\"https:\/\/theatreinprogress.ch\/wp-content\/uploads\/2019\/11\/2019-09-21-15.36.32-300x225.jpg 300w, https:\/\/theatreinprogress.ch\/wp-content\/uploads\/2019\/11\/2019-09-21-15.36.32-768x576.jpg 768w, https:\/\/theatreinprogress.ch\/wp-content\/uploads\/2019\/11\/2019-09-21-15.36.32-1024x768.jpg 1024w, https:\/\/theatreinprogress.ch\/wp-content\/uploads\/2019\/11\/2019-09-21-15.36.32-1260x945.jpg 1260w\" sizes=\"(max-width: 156px) 100vw, 156px\" \/>europ\u00e9en. Krystian Lupa et Krzysztof Warlikowski au-del\u00e0 des fronti\u00e8res \u00bb, au Th\u00e9\u00e2tre de Vidy, en partenariat avec le Centre d\u2019\u00e9tudes th\u00e9\u00e2trales, les Editions Antipodes et l&rsquo;Association Theatre in Progress. <a href=\"https:\/\/theatreinprogress.ch\/?p=582\">En savoir plus<\/a> \/ <a href=\"https:\/\/theatreinprogress.ch\/wp-content\/uploads\/2020\/08\/Galerie-photos_Table-ronde_Salle-dattente.pdf\">Acc\u00e8s \u00e0 la galerie photo<\/a><\/li>\n<\/ul>\n<p><strong>Dans la presse :<\/strong><\/p>\n<ul>\n<li>Critique publi\u00e9e dans le 24 Heures, le 7 Novembre 2019 par Natacha Rossel <a href=\"https:\/\/theatreinprogress.ch\/wp-content\/uploads\/2015\/08\/Recension_24Heures.pdf\">\u00c0 lire ici<\/a><\/li>\n<li>Critique publi\u00e9e en polonais dans la revue Didaskalia, periode de Juin \u00e0 ao\u00fbt 2020 par Dominika \u0141arionow <a href=\"https:\/\/theatreinprogress.ch\/wp-content\/uploads\/2015\/08\/Didaskalia-Lupa-widziany-z-perspektywy-Jeziora-Genewskiego.pdf\">\u00c0 lire ici<\/a><\/li>\n<\/ul>\n<p style=\"text-align: center;\"><a href=\"https:\/\/theatreinprogress.ch\/wp-content\/uploads\/2015\/08\/Papillon-Pluta.pdf\">&gt;&gt;&gt;Pour commander l&rsquo;ouvrage&lt;&lt;&lt;<\/a><\/p>\n<hr>\n<h3><strong>Ouvrage collectif<\/strong><\/h3>\n<h4><span style=\"color: #800080;\">&lsquo;Metteur en sc\u00e8ne aujourd&rsquo;hui &#8211; identit\u00e9 artistique en question ?&rsquo;<\/span><\/h4>\n<p>Dirig\u00e9 par <strong>Izabella Pluta<\/strong>, en collaboration avec <strong>Gabrielle Girot<\/strong><br>Presses universitaires de Rennes Collection \u00ab&nbsp;Le Spectaculaire&nbsp;\u00bb<br><span style=\"text-decoration: underline;\">Parution&nbsp;: le 19 octobre 2017<\/span><\/p>\n<p><span style=\"text-decoration: underline;\"><img loading=\"lazy\" class=\"alignright size-full wp-image-971\" src=\"https:\/\/theatreinprogress.ch\/wp-content\/uploads\/2020\/08\/couverture2.jpg\" alt=\"\" width=\"1417\" height=\"835\" srcset=\"https:\/\/theatreinprogress.ch\/wp-content\/uploads\/2020\/08\/couverture2.jpg 1417w, https:\/\/theatreinprogress.ch\/wp-content\/uploads\/2020\/08\/couverture2-300x177.jpg 300w, https:\/\/theatreinprogress.ch\/wp-content\/uploads\/2020\/08\/couverture2-1024x603.jpg 1024w, https:\/\/theatreinprogress.ch\/wp-content\/uploads\/2020\/08\/couverture2-768x453.jpg 768w, https:\/\/theatreinprogress.ch\/wp-content\/uploads\/2020\/08\/couverture2-1260x742.jpg 1260w\" sizes=\"(max-width: 1417px) 100vw, 1417px\" \/><\/span><\/p>\n<p><\/p>\n<p><strong>Ouvrage publi\u00e9 avec le soutien de :&nbsp; <br><\/strong>L\u2019Universit\u00e9 de Lausanne &#8211; Fonds des publications et L\u2019Universit\u00e9 de la Sorbonne Nouvelle Paris 3- Laboratoire LIRA.&nbsp; <br>La publication a \u00e9t\u00e9 port\u00e9e par l\u2019Association Theatre in Progress.<\/p>\n<p><strong>R\u00e9sum\u00e9 :<\/strong><br>L\u2019ouvrage intitul\u00e9 \u00ab&nbsp;Metteur en sc\u00e8ne aujourd\u2019hui \u2013 identit\u00e9 artistique en question&nbsp;?&nbsp;\u00bb para\u00eet le 19 octobre 2017 aux \u00e9ditions des Presses universitaires de Rennes dans la prestigieuse collection \u00ab&nbsp;Le spectaculaire&nbsp;\u00bb. Il s\u2019agit d\u2019un livre collectif de 550 pages environ en langue fran\u00e7aise, compos\u00e9 de 40 textes de metteurs en sc\u00e8ne et de chercheurs en \u00e9tudes th\u00e9\u00e2trales reconnus, venant de Suisse, France, Pologne, Royaume-Uni, et du Canada. Cet ouvrage souhaite s\u2019inscrire dans la vive discussion sur les multiples mutations qui traversent la mise en sc\u00e8ne contemporaine et qui font na\u00eetre non seulement une multitude d\u2019approches de travail sur le plateau, mais qui provoquent \u00e9galement des transformations importantes dans les corps de m\u00e9tiers li\u00e9s \u00e0 cette activit\u00e9 professionnelle. Ce d\u00e9bat tr\u00e8s actuel est \u00e9galement associ\u00e9 \u00e0 la formation en mise en sc\u00e8ne qui se consolide en Europe ainsi qu\u2019aux Masters sp\u00e9cialis\u00e9s, exig\u00e9s par le processus de Bologne. Utile \u00e0 tout \u00e9tudiant, enseignant, critique th\u00e9\u00e2tral, professionnel du th\u00e9\u00e2tre et de la culture en g\u00e9n\u00e9ral, mais aussi tout public s\u2019int\u00e9ressant \u00e0 la cr\u00e9ation contemporaine, cet ouvrage offre un large panorama des diff\u00e9rentes figures du metteur en sc\u00e8ne qui s\u2019impose actuellement sur la sc\u00e8ne fran\u00e7aise et internationale.<\/p>\n<p><strong>Les auteurs suivants ont contribu\u00e9 \u00e0 cet ouvrage&nbsp;:<\/strong><br>Delphine Abrecht, Aude Astier, Isabelle Barb\u00e9ris, Mateusz Borowski, Jeanne Bovet, Gilone Brun, Robert Cantarella, Danielle Chaperon, Hubert Colas, Margot Dacheux, Joseph Danan, No\u00e9mie Desarzens, Jean-Fran\u00e7ois Dusigne, Yan Duyvendak, Josette F\u00e9ral, Fr\u00e9d\u00e9ric Fisbach, Georges Gagner\u00e9, Gabrielle Girot, Oscar G\u00f3mez Mata, Eline Grignard, Julia Gros de Gasquet, Maude Lafrance, Jean Lambert-wild, Dominika \u0141arionow, Ang\u00e9lica Liddell, Krystian Lupa, Virginie Magnat, Denis Maillefer, Arielle Meyer MacLeod, Emile Morin, Mariola Odzimkowska, Piotr Olkusz, Eug\u00e9nie Pastor, Patrice Pavis, Edwige Perrot, Jean-Fran\u00e7ois Peyret, Izabella Pluta, Isabelle Pousseur, Camille Protar, Sophie Proust, Philippe Quesne, Gian Manuel Rau, Claire de Ribaupierre, Dorota Semenowicz, Malgorzata Sugiera, Julie Valero, Jean-Pierre Vincent, Fr\u00e9d\u00e9ric Vossier.<\/p>\n<p style=\"text-align: center;\">&nbsp;<a href=\"https:\/\/theatreinprogress.ch\/wp-content\/uploads\/2020\/08\/Sommaire_Pluta_Metteur-en-scene_contemporain_Sommaire.pdf\">&gt;&gt;&gt;Sommaire de l&rsquo;ouvrage&lt;&lt;&lt;<\/a><\/p>\n<p style=\"text-align: center;\"><a href=\"https:\/\/theatreinprogress.ch\/wp-content\/uploads\/2015\/08\/Feuille_com_Pluta_Girot.pdf\">&gt;&gt;&gt;Feuille de communication&lt;&lt;&lt;<\/a><\/p>\n<p><strong>Vie de l\u2019ouvrage&nbsp;:<\/strong><\/p>\n<ul>\n<li><em>14 d\u00e9cembre 2017<\/em> : Vernissage et pr\u00e9sentation sous le titre \u00ab\u00a0Quand le metteur en sc\u00e8ne rencontre le programmeur : confluences, hybridations, \u00e9mergences\u00a0\u00bb au Cube (Universit\u00e9 Paris 8, Le Cube, Paris, France) \u00e0 l&rsquo;occasion du colloque international \u00ab\u00a0Masques technologiques : Alt\u00e9rit\u00e9s hybrides de la sc\u00e8ne contemporaine\u00a0\u00bb. <a href=\"https:\/\/theatreinprogress.ch\/?p=357\">En savoir plus<\/a>&nbsp;&nbsp;<\/li>\n<li><em><img loading=\"lazy\" class=\" wp-image-401 alignright\" src=\"https:\/\/theatreinprogress.ch\/wp-content\/uploads\/2018\/04\/2018-01-26-18.04.36-300x225.jpg\" alt=\"Vernissage \u00e0 Vidy\" width=\"284\" height=\"213\" srcset=\"https:\/\/theatreinprogress.ch\/wp-content\/uploads\/2018\/04\/2018-01-26-18.04.36-300x225.jpg 300w, https:\/\/theatreinprogress.ch\/wp-content\/uploads\/2018\/04\/2018-01-26-18.04.36-768x576.jpg 768w, https:\/\/theatreinprogress.ch\/wp-content\/uploads\/2018\/04\/2018-01-26-18.04.36-1024x768.jpg 1024w, https:\/\/theatreinprogress.ch\/wp-content\/uploads\/2018\/04\/2018-01-26-18.04.36-1260x945.jpg 1260w\" sizes=\"(max-width: 284px) 100vw, 284px\" \/>21 Janvier 2018<\/em> : \u00ab\u00a0Metteur en sc\u00e8ne, cr\u00e9ateur sans limites\u00a0\u00bb, vernissage et table ronde au Th\u00e9\u00e2tre de Vidy, Lausanne.<br>\u00c9v\u00e8nement organis\u00e9e en collaboration avec le Th\u00e9\u00e2tre de Vidy, l&rsquo;Universit\u00e9 de Lausanne, les Teintureries \u00c9cole de th\u00e9\u00e2tre et l\u2019association Theatre in Progress. <a href=\"https:\/\/theatreinprogress.ch\/?p=399\">En savoir plus<\/a> \/<a href=\"https:\/\/theatreinprogress.ch\/wp-content\/uploads\/2020\/08\/Table-ronde_Vidy_Photos.pdf\">Acc\u00e8s \u00e0 la galerie photo<\/a>&nbsp;\/ <a href=\"https:\/\/theatreinprogress.ch\/wp-content\/uploads\/2020\/08\/VIDY-Autour-dun-livre-Metteur-en-scene-aujourdhui-Identite-artistique-en-question-1.mp4\">Voir la conf\u00e9rence<\/a>&nbsp;<\/li>\n<li><em>8 Avril 2018<\/em> : Conf\u00e9rence \u00ab Metteur en sc\u00e8ne aujourd\u2019hui \u2013 identit\u00e9 artistique en question ? \u00bb \u00e0 la soci\u00e9t\u00e9 d\u2019Histoire du Th\u00e9\u00e2tre, Biblioth\u00e8que nationale de France, Paris.<br>\u00c9v\u00e9nement organis\u00e9 dans le cadre du s\u00e9minaire \u00ab Histoire du spectacle vivant, XIXe-XXIe si\u00e8cles \u00bb par le prof. Jean-Claude Yon (UVSQ) et la prof. Gra\u00e7a Dos Santos (Universit\u00e9 Paris 10). <a href=\"https:\/\/theatreinprogress.ch\/wp-content\/uploads\/2020\/08\/Pluta_Conference_Paris10.pdf\">En savoir plus<\/a>&nbsp;&nbsp;<\/li>\n<li>29-31 octobre 2019 : Master Class au Conservatoire de Musique de Gen\u00e8ve, fili\u00e8re professionnelle d&rsquo;art dramatique&nbsp;&nbsp;<\/li>\n<li>4 d\u00e9cembre 2019 : Conf\u00e9rence \u00e0 l\u2019Universit\u00e9 de Gen\u00e8ve (lors du cours d\u2019Eric Eigenmann) <a href=\"https:\/\/theatreinprogress.ch\/wp-content\/uploads\/2020\/08\/Izabella-Pluta_Afichette.pdf\">En savoir plus<\/a><\/li>\n<\/ul>\n<p style=\"text-align: center;\"><a href=\"https:\/\/theatreinprogress.ch\/wp-content\/uploads\/2015\/08\/BonCommande_Metteur-en-sc\u00e8ne.pdf\">&gt;&gt;&gt;Pour commander l&rsquo;ouvrage &lt;&lt;&lt;<\/a><\/p>\n<p><\/p>\n<hr>\n<h3>&nbsp;<\/h3>\n<p><\/p>\n\n\n<p><\/p>\n","protected":false},"excerpt":{"rendered":"<p>Ouvrage Collectif &lsquo;Salle d\u2019attente de Krystian Lupa. Cr\u00e9ation et transmission&lsquo; Direction d\u2019Izabella Pluta Pr\u00e9face de Georges Banu&nbsp; &nbsp; &nbsp;&nbsp;&nbsp;&nbsp;&nbsp;&nbsp;&nbsp;&nbsp;&nbsp;&nbsp;&nbsp;&nbsp;&nbsp;&nbsp;&nbsp; Chez Antipodes sous forme de livre augment\u00e9 &nbsp; &nbsp; &nbsp; &nbsp;&nbsp;&nbsp;&nbsp;&nbsp;&nbsp;&nbsp;&nbsp;&nbsp;&nbsp;&nbsp;&nbsp;&nbsp;&nbsp;&nbsp;&nbsp;&nbsp;&nbsp;&nbsp;&nbsp;&nbsp;&nbsp;&nbsp;&nbsp; Parution : le 30 avril 2019 Ouvrage publi\u00e9 avec le soutien de :La Fondation Jan Michalski, la Soci\u00e9t\u00e9 Acad\u00e9mique Vaudoise, la Fondation Me J.\u2013J. van&hellip; <\/p>\n<p class=\"toivo-read-more\"><a href=\"https:\/\/theatreinprogress.ch\/?p=83\" class=\"more-link\">Lire la suite <span class=\"screen-reader-text\">de<\/span> <span class=\"screen-reader-text\">Projets r\u00e9alis\u00e9s<\/span><\/a><\/p>\n","protected":false},"author":1,"featured_media":0,"comment_status":"closed","ping_status":"closed","sticky":false,"template":"","format":"standard","meta":[],"categories":[4],"tags":[],"_links":{"self":[{"href":"https:\/\/theatreinprogress.ch\/index.php?rest_route=\/wp\/v2\/posts\/83"}],"collection":[{"href":"https:\/\/theatreinprogress.ch\/index.php?rest_route=\/wp\/v2\/posts"}],"about":[{"href":"https:\/\/theatreinprogress.ch\/index.php?rest_route=\/wp\/v2\/types\/post"}],"author":[{"embeddable":true,"href":"https:\/\/theatreinprogress.ch\/index.php?rest_route=\/wp\/v2\/users\/1"}],"replies":[{"embeddable":true,"href":"https:\/\/theatreinprogress.ch\/index.php?rest_route=%2Fwp%2Fv2%2Fcomments&post=83"}],"version-history":[{"count":109,"href":"https:\/\/theatreinprogress.ch\/index.php?rest_route=\/wp\/v2\/posts\/83\/revisions"}],"predecessor-version":[{"id":1061,"href":"https:\/\/theatreinprogress.ch\/index.php?rest_route=\/wp\/v2\/posts\/83\/revisions\/1061"}],"wp:attachment":[{"href":"https:\/\/theatreinprogress.ch\/index.php?rest_route=%2Fwp%2Fv2%2Fmedia&parent=83"}],"wp:term":[{"taxonomy":"category","embeddable":true,"href":"https:\/\/theatreinprogress.ch\/index.php?rest_route=%2Fwp%2Fv2%2Fcategories&post=83"},{"taxonomy":"post_tag","embeddable":true,"href":"https:\/\/theatreinprogress.ch\/index.php?rest_route=%2Fwp%2Fv2%2Ftags&post=83"}],"curies":[{"name":"wp","href":"https:\/\/api.w.org\/{rel}","templated":true}]}}